{"id":10300,"date":"2022-08-24T20:10:25","date_gmt":"2022-08-24T20:10:25","guid":{"rendered":"http:\/\/grabanow.tau.pl\/wp\/?p=10300"},"modified":"2022-08-26T12:27:05","modified_gmt":"2022-08-26T12:27:05","slug":"rozpoczecie-roku-szkolnego-2022-22023","status":"publish","type":"post","link":"http:\/\/grabanow.tau.pl\/wp\/?p=10300","title":{"rendered":"ROZPOCZ\u0118CIE ROKU SZKOLNEGO 2022\/2023"},"content":{"rendered":"\n<figure class=\"wp-block-image size-large is-resized\"><a href=\"http:\/\/grabanow.tau.pl\/wp\/wp-content\/uploads\/2022\/08\/students-3518726_1280.jpg\"><img decoding=\"async\" loading=\"lazy\" src=\"http:\/\/grabanow.tau.pl\/wp\/wp-content\/uploads\/2022\/08\/students-3518726_1280-1024x441.jpg\" alt=\"\" class=\"wp-image-10301\" width=\"838\" height=\"359\" srcset=\"http:\/\/grabanow.tau.pl\/wp\/wp-content\/uploads\/2022\/08\/students-3518726_1280-300x129.jpg 300w, http:\/\/grabanow.tau.pl\/wp\/wp-content\/uploads\/2022\/08\/students-3518726_1280-555x239.jpg 555w\" sizes=\"(max-width: 838px) 100vw, 838px\" \/><\/a><\/figure>\n\n\n\n<div class=\"entry-content clearfix\">\n<h3 style=\"text-align: center;\"><strong><span style=\"color: #000080;\">Rozpocz\u0119cie roku szkolnego 2022\/2023<\/span><\/strong><\/h3>\n<h3 style=\"text-align: center;\"><strong><span style=\"color: #000080;\">1 wrze\u015bnia 2022r. godz 9.30<\/span><\/strong><\/h3>\n<p><span style=\"color: #003366;\">godz. 9.30 &#8211; Msza \u015awi\u0119ta w szkole i po\u015bwi\u0119cenie plecak\u00f3w uczni\u00f3w klasy I <br \/><\/span><\/p>\n<p><span style=\"color: #003366;\">godz. 10.30 &#8211; przem\u00f3wienie dyrektora szko\u0142y <\/span><\/p>\n<p><span style=\"color: #003366;\">godz. 10.45 &#8211; spotkania z wychowawcami w klasach<\/span><\/p>\n<p style=\"text-align: left;\"><span style=\"background-color: #00ff00;\">Autobus szkolny:<\/span><\/p>\n<p style=\"text-align: left;\"><span style=\"color: #003366;\">godz. 9.00 &#8211; wyjazd autobusu z Julkowa <\/span><\/p>\n<p style=\"text-align: left;\"><span style=\"color: #003366;\">godz. 11.15 &#8211; powr\u00f3t<\/span><\/p>\n<p><strong><span><span style=\"color: #339966;\">Przedszkole \/ Punkt\u00a0<span style=\"caret-color: #339966;\">przedszkolny:<\/span><\/span><\/span><\/strong><\/p>\n<p><strong><span style=\"color: #339966;\">7:30 &#8211; wyjazd z Julkowa, 13:00 &#8211; powr\u00f3t.<\/span><\/strong><\/p>\n<p>\u00a0<\/p>\n<\/div>\n","protected":false},"excerpt":{"rendered":"<p>Rozpocz\u0119cie roku szkolnego 2022\/2023 1 wrze\u015bnia 2022r. godz 9.30 godz. 9.30 &#8211; Msza \u015awi\u0119ta w szkole i po\u015bwi\u0119cenie plecak\u00f3w uczni\u00f3w klasy I godz. 10.30 &#8211; przem\u00f3wienie dyrektora szko\u0142y godz. 10.45 &#8211; spotkania z wychowawcami w klasach Autobus szkolny: godz. 9.00 &#8211; wyjazd autobusu z Julkowa godz. 11.15 &#8211; powr\u00f3t Przedszkole \/ Punkt\u00a0przedszkolny: 7:30 &#8211; wyjazd &hellip; <\/p>\n<p><a class=\"more-link btn\" href=\"http:\/\/grabanow.tau.pl\/wp\/?p=10300\">Kontynuuj czytanie<\/a><\/p>\n","protected":false},"author":1,"featured_media":0,"comment_status":"open","ping_status":"open","sticky":false,"template":"","format":"standard","meta":[],"categories":[1],"tags":[],"_links":{"self":[{"href":"http:\/\/grabanow.tau.pl\/wp\/index.php?rest_route=\/wp\/v2\/posts\/10300"}],"collection":[{"href":"http:\/\/grabanow.tau.pl\/wp\/index.php?rest_route=\/wp\/v2\/posts"}],"about":[{"href":"http:\/\/grabanow.tau.pl\/wp\/index.php?rest_route=\/wp\/v2\/types\/post"}],"author":[{"embeddable":true,"href":"http:\/\/grabanow.tau.pl\/wp\/index.php?rest_route=\/wp\/v2\/users\/1"}],"replies":[{"embeddable":true,"href":"http:\/\/grabanow.tau.pl\/wp\/index.php?rest_route=%2Fwp%2Fv2%2Fcomments&post=10300"}],"version-history":[{"count":5,"href":"http:\/\/grabanow.tau.pl\/wp\/index.php?rest_route=\/wp\/v2\/posts\/10300\/revisions"}],"predecessor-version":[{"id":10315,"href":"http:\/\/grabanow.tau.pl\/wp\/index.php?rest_route=\/wp\/v2\/posts\/10300\/revisions\/10315"}],"wp:attachment":[{"href":"http:\/\/grabanow.tau.pl\/wp\/index.php?rest_route=%2Fwp%2Fv2%2Fmedia&parent=10300"}],"wp:term":[{"taxonomy":"category","embeddable":true,"href":"http:\/\/grabanow.tau.pl\/wp\/index.php?rest_route=%2Fwp%2Fv2%2Fcategories&post=10300"},{"taxonomy":"post_tag","embeddable":true,"href":"http:\/\/grabanow.tau.pl\/wp\/index.php?rest_route=%2Fwp%2Fv2%2Ftags&post=10300"}],"curies":[{"name":"wp","href":"https:\/\/api.w.org\/{rel}","templated":true}]}}