{"id":10508,"date":"2022-12-05T10:01:08","date_gmt":"2022-12-05T10:01:08","guid":{"rendered":"http:\/\/grabanow.tau.pl\/wp\/?p=10508"},"modified":"2022-12-20T10:02:38","modified_gmt":"2022-12-20T10:02:38","slug":"warsztaty-plastyczno-techniczne-kl-ii","status":"publish","type":"post","link":"http:\/\/grabanow.tau.pl\/wp\/?p=10508","title":{"rendered":"Warsztaty plastyczno \u2013 techniczne kl. II"},"content":{"rendered":"\n<p style=\"text-align: center;\"><a href=\"http:\/\/grabanow.tau.pl\/wp\/wp-content\/uploads\/2022\/12\/02873C98-E1A4-4ED0-91DE-707937DB9B6C-scaled.jpeg\"><img decoding=\"async\" loading=\"lazy\" class=\"alignnone size-medium wp-image-10505\" src=\"http:\/\/grabanow.tau.pl\/wp\/wp-content\/uploads\/2022\/12\/02873C98-E1A4-4ED0-91DE-707937DB9B6C-300x225.jpeg\" alt=\"\" width=\"300\" height=\"225\" srcset=\"http:\/\/grabanow.tau.pl\/wp\/wp-content\/uploads\/2022\/12\/02873C98-E1A4-4ED0-91DE-707937DB9B6C-300x225.jpeg 300w, http:\/\/grabanow.tau.pl\/wp\/wp-content\/uploads\/2022\/12\/02873C98-E1A4-4ED0-91DE-707937DB9B6C-1024x768.jpeg 1024w, http:\/\/grabanow.tau.pl\/wp\/wp-content\/uploads\/2022\/12\/02873C98-E1A4-4ED0-91DE-707937DB9B6C-768x576.jpeg 768w, http:\/\/grabanow.tau.pl\/wp\/wp-content\/uploads\/2022\/12\/02873C98-E1A4-4ED0-91DE-707937DB9B6C-1536x1152.jpeg 1536w, http:\/\/grabanow.tau.pl\/wp\/wp-content\/uploads\/2022\/12\/02873C98-E1A4-4ED0-91DE-707937DB9B6C-2048x1536.jpeg 2048w, http:\/\/grabanow.tau.pl\/wp\/wp-content\/uploads\/2022\/12\/02873C98-E1A4-4ED0-91DE-707937DB9B6C-555x416.jpeg 555w\" sizes=\"(max-width: 300px) 100vw, 300px\" \/><\/a><\/p>\n<p>Dnia 05.12.2022r. dzieci z kl. I i II uczestniczy\u0142y w kreatywnych zaj\u0119ciach \u201eBombka ze zdj\u0119ciem\u201d. Warsztaty zosta\u0142y przeprowadzone przez przedstawiciela pracowni \u201eKocham nad szycie\u201d. W\u0142asnor\u0119cznie wykonana bombka to wspania\u0142a ozdoba \u015bwi\u0105teczna, a tak\u017ce idealny prezent dla bliskiej osoby.<\/p>\n<p>Zaj\u0119cia dostarczy\u0142y dzieciom niezapomnianych wra\u017ce\u0144, pobudzi\u0142y wyobra\u017ani\u0119 i by\u0142y doskona\u0142\u0105 okazj\u0105 do wspania\u0142ej zabawy.<\/p>\n<p>\u00a0<\/p>\n","protected":false},"excerpt":{"rendered":"<p>Dnia 05.12.2022r. dzieci z kl. I i II uczestniczy\u0142y w kreatywnych zaj\u0119ciach \u201eBombka ze zdj\u0119ciem\u201d. Warsztaty zosta\u0142y przeprowadzone przez przedstawiciela pracowni \u201eKocham nad szycie\u201d. W\u0142asnor\u0119cznie wykonana bombka to wspania\u0142a ozdoba \u015bwi\u0105teczna, a tak\u017ce idealny prezent dla bliskiej osoby. Zaj\u0119cia dostarczy\u0142y dzieciom niezapomnianych wra\u017ce\u0144, pobudzi\u0142y wyobra\u017ani\u0119 i by\u0142y doskona\u0142\u0105 okazj\u0105 do wspania\u0142ej zabawy. \u00a0<\/p>\n","protected":false},"author":1,"featured_media":0,"comment_status":"open","ping_status":"open","sticky":false,"template":"","format":"standard","meta":[],"categories":[1],"tags":[],"_links":{"self":[{"href":"http:\/\/grabanow.tau.pl\/wp\/index.php?rest_route=\/wp\/v2\/posts\/10508"}],"collection":[{"href":"http:\/\/grabanow.tau.pl\/wp\/index.php?rest_route=\/wp\/v2\/posts"}],"about":[{"href":"http:\/\/grabanow.tau.pl\/wp\/index.php?rest_route=\/wp\/v2\/types\/post"}],"author":[{"embeddable":true,"href":"http:\/\/grabanow.tau.pl\/wp\/index.php?rest_route=\/wp\/v2\/users\/1"}],"replies":[{"embeddable":true,"href":"http:\/\/grabanow.tau.pl\/wp\/index.php?rest_route=%2Fwp%2Fv2%2Fcomments&post=10508"}],"version-history":[{"count":1,"href":"http:\/\/grabanow.tau.pl\/wp\/index.php?rest_route=\/wp\/v2\/posts\/10508\/revisions"}],"predecessor-version":[{"id":10509,"href":"http:\/\/grabanow.tau.pl\/wp\/index.php?rest_route=\/wp\/v2\/posts\/10508\/revisions\/10509"}],"wp:attachment":[{"href":"http:\/\/grabanow.tau.pl\/wp\/index.php?rest_route=%2Fwp%2Fv2%2Fmedia&parent=10508"}],"wp:term":[{"taxonomy":"category","embeddable":true,"href":"http:\/\/grabanow.tau.pl\/wp\/index.php?rest_route=%2Fwp%2Fv2%2Fcategories&post=10508"},{"taxonomy":"post_tag","embeddable":true,"href":"http:\/\/grabanow.tau.pl\/wp\/index.php?rest_route=%2Fwp%2Fv2%2Ftags&post=10508"}],"curies":[{"name":"wp","href":"https:\/\/api.w.org\/{rel}","templated":true}]}}