{"id":4229,"date":"2017-08-29T13:02:31","date_gmt":"2017-08-29T13:02:31","guid":{"rendered":"http:\/\/grabanow.tau.pl\/wp\/?p=4229"},"modified":"2017-08-29T13:12:43","modified_gmt":"2017-08-29T13:12:43","slug":"rozpoczecie-roku-szkolnego-20172018","status":"publish","type":"post","link":"http:\/\/grabanow.tau.pl\/wp\/?p=4229","title":{"rendered":"ROZPOCZ\u0118CIE ROKU SZKOLNEGO 2017\/2018"},"content":{"rendered":"<p style=\"text-align: center;\"><span style=\"color: #800000; font-size: 14pt;\"><strong>ROZPOCZ\u0118CIE<\/strong><\/span><\/p>\n<p style=\"text-align: center;\"><span style=\"color: #800000; font-size: 14pt;\"><strong>ROKU SZKOLNEGO 2017\/2018<\/strong><\/span><\/p>\n<p style=\"text-align: center;\"><span style=\"color: #800000; font-size: 14pt;\"><strong>4 WRZE\u015aNIA GODZ. 9.30<\/strong><\/span><\/p>\n<p style=\"text-align: left;\"><strong><span style=\"color: #800000; font-size: 14pt;\">9.30 &#8211; MSZA \u015aWI\u0118TA W SZKOLE<\/span><\/strong><\/p>\n<p><strong><span style=\"font-size: 14pt;\">\u00a0<span style=\"color: #800000;\">Dojazd uczni\u00f3w:<\/span><\/span><\/strong><\/p>\n<p><strong><span style=\"font-size: 14pt;\"><span style=\"color: #800000;\">9.00 &#8211; odjazd z Julkowa<\/span><\/span><\/strong><\/p>\n<p><strong><span style=\"font-size: 14pt;\"><span style=\"color: #800000;\">11.15- powr\u00f3t\u00a0<\/span><\/span><\/strong><\/p>\n","protected":false},"excerpt":{"rendered":"<p>ROZPOCZ\u0118CIE ROKU SZKOLNEGO 2017\/2018 4 WRZE\u015aNIA GODZ. 9.30 9.30 &#8211; MSZA \u015aWI\u0118TA W SZKOLE \u00a0Dojazd uczni\u00f3w: 9.00 &#8211; odjazd z Julkowa 11.15- powr\u00f3t\u00a0<\/p>\n","protected":false},"author":1,"featured_media":0,"comment_status":"open","ping_status":"open","sticky":false,"template":"","format":"standard","meta":[],"categories":[1],"tags":[],"_links":{"self":[{"href":"http:\/\/grabanow.tau.pl\/wp\/index.php?rest_route=\/wp\/v2\/posts\/4229"}],"collection":[{"href":"http:\/\/grabanow.tau.pl\/wp\/index.php?rest_route=\/wp\/v2\/posts"}],"about":[{"href":"http:\/\/grabanow.tau.pl\/wp\/index.php?rest_route=\/wp\/v2\/types\/post"}],"author":[{"embeddable":true,"href":"http:\/\/grabanow.tau.pl\/wp\/index.php?rest_route=\/wp\/v2\/users\/1"}],"replies":[{"embeddable":true,"href":"http:\/\/grabanow.tau.pl\/wp\/index.php?rest_route=%2Fwp%2Fv2%2Fcomments&post=4229"}],"version-history":[{"count":2,"href":"http:\/\/grabanow.tau.pl\/wp\/index.php?rest_route=\/wp\/v2\/posts\/4229\/revisions"}],"predecessor-version":[{"id":4231,"href":"http:\/\/grabanow.tau.pl\/wp\/index.php?rest_route=\/wp\/v2\/posts\/4229\/revisions\/4231"}],"wp:attachment":[{"href":"http:\/\/grabanow.tau.pl\/wp\/index.php?rest_route=%2Fwp%2Fv2%2Fmedia&parent=4229"}],"wp:term":[{"taxonomy":"category","embeddable":true,"href":"http:\/\/grabanow.tau.pl\/wp\/index.php?rest_route=%2Fwp%2Fv2%2Fcategories&post=4229"},{"taxonomy":"post_tag","embeddable":true,"href":"http:\/\/grabanow.tau.pl\/wp\/index.php?rest_route=%2Fwp%2Fv2%2Ftags&post=4229"}],"curies":[{"name":"wp","href":"https:\/\/api.w.org\/{rel}","templated":true}]}}