{"id":4462,"date":"2017-10-20T05:49:53","date_gmt":"2017-10-20T05:49:53","guid":{"rendered":"http:\/\/grabanow.tau.pl\/wp\/?p=4462"},"modified":"2017-10-23T05:21:34","modified_gmt":"2017-10-23T05:21:34","slug":"slubowanie-klasy-pierwszej","status":"publish","type":"post","link":"http:\/\/grabanow.tau.pl\/wp\/?p=4462","title":{"rendered":"\u015aLUBOWANIE KLASY PIERWSZEJ"},"content":{"rendered":"<p style=\"text-align: justify;\">13 pa\u017adziernika 2017 r odby\u0142o si\u0119 w naszej szkole \u015alubowanie klasy pierwszej. W uroczysto\u015bci uczestniczy\u0142a ca\u0142a spo\u0142eczno\u015b\u0107 szkolna, zaproszeni go\u015bcie oraz rodzice. Po serdecznym przywitaniu przez wychowawczyni\u0119 klasy I pani\u0105 Dorot\u0119 Wo\u017any zgromadzonych go\u015bci, a szczeg\u00f3lnie uczni\u00f3w klasy pierwszej, ich rodzic\u00f3w i go\u015bcia honorowego jakim by\u0142a pani Anna Zerynger- wdowa po Romualdzie Zeryngerze-prezesie Ko\u0142a \u015aZ\u017bAK w Bia\u0142ej Podlaskiej, nast\u0119pi\u0142 wyst\u0119p pierwszoklasist\u00f3w. Nast\u0119pnie uczniowie z\u0142o\u017cyli \u015blubowanie na sztandar szko\u0142y i zostali pasowani na uczni\u00f3w przez pani\u0105 dyrektor Beat\u0119 Zydlewsk\u0105. Uczniowie otrzymali w prezencie upominki od pani Anny Zerynger, Rady Rodzic\u00f3w, rodzic\u00f3w i uczni\u00f3w klasy II i III. Na zako\u0144czenie z kr\u00f3tkim koncertem \u017cycze\u0144 z okazji Dnia Edukacji Narodowej wyst\u0105pili uczniowie klas IV-VII. Pani dyrektor wr\u0119czy\u0142a nagrody, przewodnicz\u0105cy szko\u0142y pan Tomasz Wo\u0142owik i pani Anna Zerynger z\u0142o\u017cyli pedagogom \u017cyczenia, a uczniowie wr\u0119czyli kwiaty i s\u0142odkie upominki. Po uroczysto\u015bci wszyscy zostali pocz\u0119stowani ciastem przygotowanym przez rodzic\u00f3w pierwszoklasist\u00f3w.<\/p>\n<p><a href=\"http:\/\/grabanow.tau.pl\/wp\/wp-content\/uploads\/2017\/10\/DSCN4872.jpg\"><img decoding=\"async\" loading=\"lazy\" class=\"alignnone size-thumbnail wp-image-4463\" src=\"http:\/\/grabanow.tau.pl\/wp\/wp-content\/uploads\/2017\/10\/DSCN4872-150x150.jpg\" alt=\"DSCN4872\" width=\"150\" height=\"150\" \/><\/a> <a href=\"http:\/\/grabanow.tau.pl\/wp\/wp-content\/uploads\/2017\/10\/DSCN4874.jpg\"><img decoding=\"async\" loading=\"lazy\" class=\"alignnone size-thumbnail wp-image-4464\" src=\"http:\/\/grabanow.tau.pl\/wp\/wp-content\/uploads\/2017\/10\/DSCN4874-150x150.jpg\" alt=\"DSCN4874\" width=\"150\" height=\"150\" \/><\/a> <a href=\"http:\/\/grabanow.tau.pl\/wp\/wp-content\/uploads\/2017\/10\/DSCN4876.jpg\"><img decoding=\"async\" loading=\"lazy\" class=\"alignnone size-thumbnail wp-image-4465\" src=\"http:\/\/grabanow.tau.pl\/wp\/wp-content\/uploads\/2017\/10\/DSCN4876-150x150.jpg\" alt=\"DSCN4876\" width=\"150\" height=\"150\" \/><\/a> <a href=\"http:\/\/grabanow.tau.pl\/wp\/wp-content\/uploads\/2017\/10\/DSCN4888.jpg\"><img decoding=\"async\" loading=\"lazy\" class=\"alignnone size-thumbnail wp-image-4466\" src=\"http:\/\/grabanow.tau.pl\/wp\/wp-content\/uploads\/2017\/10\/DSCN4888-150x150.jpg\" alt=\"DSCN4888\" width=\"150\" height=\"150\" \/><\/a> <a href=\"http:\/\/grabanow.tau.pl\/wp\/wp-content\/uploads\/2017\/10\/DSCN4889.jpg\"><img decoding=\"async\" loading=\"lazy\" class=\"alignnone size-thumbnail wp-image-4467\" src=\"http:\/\/grabanow.tau.pl\/wp\/wp-content\/uploads\/2017\/10\/DSCN4889-150x150.jpg\" alt=\"DSCN4889\" width=\"150\" height=\"150\" \/><\/a> <a href=\"http:\/\/grabanow.tau.pl\/wp\/wp-content\/uploads\/2017\/10\/DSCN4890.jpg\"><img decoding=\"async\" loading=\"lazy\" class=\"alignnone size-thumbnail wp-image-4468\" src=\"http:\/\/grabanow.tau.pl\/wp\/wp-content\/uploads\/2017\/10\/DSCN4890-150x150.jpg\" alt=\"DSCN4890\" width=\"150\" height=\"150\" \/><\/a> <a href=\"http:\/\/grabanow.tau.pl\/wp\/wp-content\/uploads\/2017\/10\/DSCN4893.jpg\"><img decoding=\"async\" loading=\"lazy\" class=\"alignnone size-thumbnail wp-image-4469\" src=\"http:\/\/grabanow.tau.pl\/wp\/wp-content\/uploads\/2017\/10\/DSCN4893-150x150.jpg\" alt=\"DSCN4893\" width=\"150\" height=\"150\" \/><\/a> <a href=\"http:\/\/grabanow.tau.pl\/wp\/wp-content\/uploads\/2017\/10\/DSCN4894.jpg\"><img decoding=\"async\" loading=\"lazy\" class=\"alignnone size-thumbnail wp-image-4470\" src=\"http:\/\/grabanow.tau.pl\/wp\/wp-content\/uploads\/2017\/10\/DSCN4894-150x150.jpg\" alt=\"DSCN4894\" width=\"150\" height=\"150\" \/><\/a><\/p>\n","protected":false},"excerpt":{"rendered":"<p>13 pa\u017adziernika 2017 r odby\u0142o si\u0119 w naszej szkole \u015alubowanie klasy pierwszej. W uroczysto\u015bci uczestniczy\u0142a ca\u0142a spo\u0142eczno\u015b\u0107 szkolna, zaproszeni go\u015bcie oraz rodzice. Po serdecznym przywitaniu przez wychowawczyni\u0119 klasy I pani\u0105 Dorot\u0119 Wo\u017any zgromadzonych go\u015bci, a szczeg\u00f3lnie uczni\u00f3w klasy pierwszej, ich rodzic\u00f3w i go\u015bcia honorowego jakim by\u0142a pani Anna Zerynger- wdowa po Romualdzie Zeryngerze-prezesie Ko\u0142a \u015aZ\u017bAK &hellip; <\/p>\n<p><a class=\"more-link btn\" href=\"http:\/\/grabanow.tau.pl\/wp\/?p=4462\">Kontynuuj czytanie<\/a><\/p>\n","protected":false},"author":1,"featured_media":0,"comment_status":"open","ping_status":"open","sticky":false,"template":"","format":"standard","meta":[],"categories":[1],"tags":[],"_links":{"self":[{"href":"http:\/\/grabanow.tau.pl\/wp\/index.php?rest_route=\/wp\/v2\/posts\/4462"}],"collection":[{"href":"http:\/\/grabanow.tau.pl\/wp\/index.php?rest_route=\/wp\/v2\/posts"}],"about":[{"href":"http:\/\/grabanow.tau.pl\/wp\/index.php?rest_route=\/wp\/v2\/types\/post"}],"author":[{"embeddable":true,"href":"http:\/\/grabanow.tau.pl\/wp\/index.php?rest_route=\/wp\/v2\/users\/1"}],"replies":[{"embeddable":true,"href":"http:\/\/grabanow.tau.pl\/wp\/index.php?rest_route=%2Fwp%2Fv2%2Fcomments&post=4462"}],"version-history":[{"count":2,"href":"http:\/\/grabanow.tau.pl\/wp\/index.php?rest_route=\/wp\/v2\/posts\/4462\/revisions"}],"predecessor-version":[{"id":4483,"href":"http:\/\/grabanow.tau.pl\/wp\/index.php?rest_route=\/wp\/v2\/posts\/4462\/revisions\/4483"}],"wp:attachment":[{"href":"http:\/\/grabanow.tau.pl\/wp\/index.php?rest_route=%2Fwp%2Fv2%2Fmedia&parent=4462"}],"wp:term":[{"taxonomy":"category","embeddable":true,"href":"http:\/\/grabanow.tau.pl\/wp\/index.php?rest_route=%2Fwp%2Fv2%2Fcategories&post=4462"},{"taxonomy":"post_tag","embeddable":true,"href":"http:\/\/grabanow.tau.pl\/wp\/index.php?rest_route=%2Fwp%2Fv2%2Ftags&post=4462"}],"curies":[{"name":"wp","href":"https:\/\/api.w.org\/{rel}","templated":true}]}}