{"id":5502,"date":"2018-10-01T16:10:33","date_gmt":"2018-10-01T16:10:33","guid":{"rendered":"http:\/\/grabanow.tau.pl\/wp\/?p=5502"},"modified":"2018-11-04T19:21:35","modified_gmt":"2018-11-04T19:21:35","slug":"bieg-po-zdrowie-4","status":"publish","type":"post","link":"http:\/\/grabanow.tau.pl\/wp\/?p=5502","title":{"rendered":"BIEG PO ZDROWIE"},"content":{"rendered":"<p><a href=\"http:\/\/grabanow.tau.pl\/wp\/wp-content\/uploads\/2018\/10\/DSC_0514-1.jpg\"><img decoding=\"async\" loading=\"lazy\" class=\"alignnone size-thumbnail wp-image-5503\" src=\"http:\/\/grabanow.tau.pl\/wp\/wp-content\/uploads\/2018\/10\/DSC_0514-1-150x150.jpg\" alt=\"DSC_0514 (1)\" width=\"150\" height=\"150\" \/><\/a><\/p>\n<p><!--more--><\/p>\n<p>&nbsp;<\/p>\n<p>W Grabanowie \u201ebiegali po zdrowie\u201d<\/p>\n<p>&nbsp;<\/p>\n<p>W pi\u0105tek 28 wrze\u015bnia 2018 roku uczniowie Szko\u0142y Podstawowej w Grabanowie ju\u017c kolejny raz wzi\u0119li udzia\u0142 w akcji \u201eBieg po zdrowie\u201d. Imprez\u0119 rozpocz\u0119\u0142a pani dyrektor Beata Zydlewska, kt\u00f3ra nie tylko zach\u0119ca\u0142a uczni\u00f3w do czynnego sp\u0119dzania czasu, ale te\u017c wskaza\u0142a korzy\u015bci wynikaj\u0105ce z aktywnego sposobu \u017cycia.<\/p>\n<p>Organizatorzy zadbali o opiek\u0119 medyczn\u0105 oraz sponsor\u00f3w, kt\u00f3rzy zafundowali nagrody. Rada Rodzic\u00f3w za\u015b zakupi\u0142a medale.<\/p>\n<p>Rywalizacja w\u015br\u00f3d uczni\u00f3w by\u0142a zaci\u0119ta, chocia\u017c zwyci\u0119zcami byli wszyscy, kt\u00f3rzy uko\u0144czyli bieg. Grupa m\u0142odsza, czyli klasy I-IV mia\u0142a o po\u0142ow\u0119 kr\u00f3tszy odcinek ni\u017c grupa z klas V-VIII. Jednak d\u0105\u017cenie do sukcesu widoczne by\u0142o u ka\u017cdego uczestnika.<\/p>\n<p>W poszczeg\u00f3lnych klasach zwyci\u0119\u017cyli\u201d<\/p>\n<table>\n<tbody>\n<tr>\n<td width=\"72\">Klasa<\/td>\n<td width=\"270\">Dziewcz\u0119ta<\/td>\n<td width=\"270\">Ch\u0142opcy<\/td>\n<\/tr>\n<tr>\n<td width=\"72\">I<\/td>\n<td width=\"270\">Nikola Skura<\/td>\n<td width=\"270\">Franciszek Chomicz<\/td>\n<\/tr>\n<tr>\n<td width=\"72\">II<\/td>\n<td width=\"270\">Maja Ciesielska<\/td>\n<td width=\"270\">Alan Korczak<\/td>\n<\/tr>\n<tr>\n<td width=\"72\">III<\/td>\n<td width=\"270\">Julia Dawidziuk<\/td>\n<td width=\"270\">Oskar Pie\u0144kowski<\/td>\n<\/tr>\n<tr>\n<td width=\"72\">IV<\/td>\n<td width=\"270\">Natalia Ladwiniec<\/td>\n<td width=\"270\">\u0141ukasz Bielecki<\/td>\n<\/tr>\n<tr>\n<td width=\"72\">V<\/td>\n<td width=\"270\">Lena Romanowicz<\/td>\n<td width=\"270\">Micha\u0142 Sacewicz<\/td>\n<\/tr>\n<tr>\n<td width=\"72\">VI<\/td>\n<td width=\"270\">Oliwia Korsze\u0144<\/td>\n<td width=\"270\">Kacper Pie\u0144kowski<\/td>\n<\/tr>\n<tr>\n<td width=\"72\">VII<\/td>\n<td width=\"270\">Natalia Moszczuk<\/td>\n<td width=\"270\">Kacper Kasprzuk<\/td>\n<\/tr>\n<tr>\n<td width=\"72\">VIII<\/td>\n<td width=\"270\">Magda Danilewicz<\/td>\n<td width=\"270\">Mateusz Romaniuk<\/td>\n<\/tr>\n<\/tbody>\n<\/table>\n<p>&nbsp;<\/p>\n<p>Na szczeg\u00f3ln\u0105 uwag\u0119 i pochwa\u0142\u0119 zas\u0142uguj\u0105 uczniowie \u201ezer\u00f3wki\u201d, kt\u00f3rzy te\u017c przyst\u0105pili do biegu \u2013 przecie\u017c ka\u017cdy chce by\u0107 zdrowy. Najlepsza okaza\u0142a si\u0119 Zuzia Szczepaniak.<\/p>\n<p>B\u0119dziemy trzyma\u0107 kciuki za dalsze sukcesy sportowe naszych uczni\u00f3w.<\/p>\n","protected":false},"excerpt":{"rendered":"","protected":false},"author":1,"featured_media":0,"comment_status":"open","ping_status":"open","sticky":false,"template":"","format":"standard","meta":[],"categories":[1],"tags":[],"_links":{"self":[{"href":"http:\/\/grabanow.tau.pl\/wp\/index.php?rest_route=\/wp\/v2\/posts\/5502"}],"collection":[{"href":"http:\/\/grabanow.tau.pl\/wp\/index.php?rest_route=\/wp\/v2\/posts"}],"about":[{"href":"http:\/\/grabanow.tau.pl\/wp\/index.php?rest_route=\/wp\/v2\/types\/post"}],"author":[{"embeddable":true,"href":"http:\/\/grabanow.tau.pl\/wp\/index.php?rest_route=\/wp\/v2\/users\/1"}],"replies":[{"embeddable":true,"href":"http:\/\/grabanow.tau.pl\/wp\/index.php?rest_route=%2Fwp%2Fv2%2Fcomments&post=5502"}],"version-history":[{"count":3,"href":"http:\/\/grabanow.tau.pl\/wp\/index.php?rest_route=\/wp\/v2\/posts\/5502\/revisions"}],"predecessor-version":[{"id":5642,"href":"http:\/\/grabanow.tau.pl\/wp\/index.php?rest_route=\/wp\/v2\/posts\/5502\/revisions\/5642"}],"wp:attachment":[{"href":"http:\/\/grabanow.tau.pl\/wp\/index.php?rest_route=%2Fwp%2Fv2%2Fmedia&parent=5502"}],"wp:term":[{"taxonomy":"category","embeddable":true,"href":"http:\/\/grabanow.tau.pl\/wp\/index.php?rest_route=%2Fwp%2Fv2%2Fcategories&post=5502"},{"taxonomy":"post_tag","embeddable":true,"href":"http:\/\/grabanow.tau.pl\/wp\/index.php?rest_route=%2Fwp%2Fv2%2Ftags&post=5502"}],"curies":[{"name":"wp","href":"https:\/\/api.w.org\/{rel}","templated":true}]}}