{"id":5534,"date":"2018-10-26T09:47:02","date_gmt":"2018-10-26T09:47:02","guid":{"rendered":"http:\/\/grabanow.tau.pl\/wp\/?p=5534"},"modified":"2018-10-26T11:48:38","modified_gmt":"2018-10-26T11:48:38","slug":"zaproszenie-6","status":"publish","type":"post","link":"http:\/\/grabanow.tau.pl\/wp\/?p=5534","title":{"rendered":"ZAPROSZENIE"},"content":{"rendered":"<p><strong><em>\u00a0<\/em><\/strong><\/p>\n<p style=\"text-align: center;\"><span style=\"font-size: 18pt;\"><strong>ZAPROSZENIE<\/strong><\/span><\/p>\n<p style=\"text-align: center;\">Dyrektor, Grono Pedagogiczne<\/p>\n<p style=\"text-align: center;\">i Uczniowie Szko\u0142y Podstawowej w Grabanowie<\/p>\n<p style=\"text-align: center;\">\u00a0zapraszaj\u0105 wszystkich mieszka\u0144c\u00f3w<\/p>\n<p style=\"text-align: center;\"><em>na uroczyst\u0105 akademi\u0119 z okazji<\/em><\/p>\n<h1 style=\"text-align: center;\">100 Rocznicy<\/h1>\n<h1 style=\"text-align: center;\">\u00a0Odzyskania Niepodleg\u0142o\u015bci<\/h1>\n<h1 style=\"text-align: center;\">30 pa\u017adziernika (wtorek) godz.11.00<\/h1>\n<h1 style=\"text-align: center;\"><\/h1>\n<p style=\"text-align: center;\">\n","protected":false},"excerpt":{"rendered":"<p>\u00a0 ZAPROSZENIE Dyrektor, Grono Pedagogiczne i Uczniowie Szko\u0142y Podstawowej w Grabanowie \u00a0zapraszaj\u0105 wszystkich mieszka\u0144c\u00f3w na uroczyst\u0105 akademi\u0119 z okazji 100 Rocznicy \u00a0Odzyskania Niepodleg\u0142o\u015bci 30 pa\u017adziernika (wtorek) godz.11.00<\/p>\n","protected":false},"author":1,"featured_media":0,"comment_status":"open","ping_status":"open","sticky":false,"template":"","format":"standard","meta":[],"categories":[1],"tags":[],"_links":{"self":[{"href":"http:\/\/grabanow.tau.pl\/wp\/index.php?rest_route=\/wp\/v2\/posts\/5534"}],"collection":[{"href":"http:\/\/grabanow.tau.pl\/wp\/index.php?rest_route=\/wp\/v2\/posts"}],"about":[{"href":"http:\/\/grabanow.tau.pl\/wp\/index.php?rest_route=\/wp\/v2\/types\/post"}],"author":[{"embeddable":true,"href":"http:\/\/grabanow.tau.pl\/wp\/index.php?rest_route=\/wp\/v2\/users\/1"}],"replies":[{"embeddable":true,"href":"http:\/\/grabanow.tau.pl\/wp\/index.php?rest_route=%2Fwp%2Fv2%2Fcomments&post=5534"}],"version-history":[{"count":4,"href":"http:\/\/grabanow.tau.pl\/wp\/index.php?rest_route=\/wp\/v2\/posts\/5534\/revisions"}],"predecessor-version":[{"id":5538,"href":"http:\/\/grabanow.tau.pl\/wp\/index.php?rest_route=\/wp\/v2\/posts\/5534\/revisions\/5538"}],"wp:attachment":[{"href":"http:\/\/grabanow.tau.pl\/wp\/index.php?rest_route=%2Fwp%2Fv2%2Fmedia&parent=5534"}],"wp:term":[{"taxonomy":"category","embeddable":true,"href":"http:\/\/grabanow.tau.pl\/wp\/index.php?rest_route=%2Fwp%2Fv2%2Fcategories&post=5534"},{"taxonomy":"post_tag","embeddable":true,"href":"http:\/\/grabanow.tau.pl\/wp\/index.php?rest_route=%2Fwp%2Fv2%2Ftags&post=5534"}],"curies":[{"name":"wp","href":"https:\/\/api.w.org\/{rel}","templated":true}]}}