{"id":5665,"date":"2018-11-20T10:05:19","date_gmt":"2018-11-20T10:05:19","guid":{"rendered":"http:\/\/grabanow.tau.pl\/wp\/?p=5665"},"modified":"2018-11-20T10:05:19","modified_gmt":"2018-11-20T10:05:19","slug":"sukces-lenki-kapszukiewicz","status":"publish","type":"post","link":"http:\/\/grabanow.tau.pl\/wp\/?p=5665","title":{"rendered":"SUKCES  LENKI KAPSZUKIEWICZ"},"content":{"rendered":"<p>Lenka Kapszukiewicz z kl. 0 zaj\u0119\u0142a II miejsce w Konkursie Pie\u015bni Patriotycznej w kategorii Przedszkole i klasy I-III Szko\u0142y Podstawowej organizowanym przez Caritas Diecezji Siedleckiej.<\/p>\n<p>Gratulujemy Sukcesu.<\/p>\n<p><a href=\"http:\/\/grabanow.tau.pl\/wp\/wp-content\/uploads\/2018\/11\/konkurs-Patriota.jpeg\"><img decoding=\"async\" loading=\"lazy\" class=\"alignnone size-thumbnail wp-image-5666\" src=\"http:\/\/grabanow.tau.pl\/wp\/wp-content\/uploads\/2018\/11\/konkurs-Patriota-150x150.jpeg\" alt=\"konkurs Patriota\" width=\"150\" height=\"150\" \/><\/a><\/p>\n","protected":false},"excerpt":{"rendered":"<p>Lenka Kapszukiewicz z kl. 0 zaj\u0119\u0142a II miejsce w Konkursie Pie\u015bni Patriotycznej w kategorii Przedszkole i klasy I-III Szko\u0142y Podstawowej organizowanym przez Caritas Diecezji Siedleckiej. Gratulujemy Sukcesu.<\/p>\n","protected":false},"author":1,"featured_media":0,"comment_status":"open","ping_status":"open","sticky":false,"template":"","format":"standard","meta":[],"categories":[1],"tags":[],"_links":{"self":[{"href":"http:\/\/grabanow.tau.pl\/wp\/index.php?rest_route=\/wp\/v2\/posts\/5665"}],"collection":[{"href":"http:\/\/grabanow.tau.pl\/wp\/index.php?rest_route=\/wp\/v2\/posts"}],"about":[{"href":"http:\/\/grabanow.tau.pl\/wp\/index.php?rest_route=\/wp\/v2\/types\/post"}],"author":[{"embeddable":true,"href":"http:\/\/grabanow.tau.pl\/wp\/index.php?rest_route=\/wp\/v2\/users\/1"}],"replies":[{"embeddable":true,"href":"http:\/\/grabanow.tau.pl\/wp\/index.php?rest_route=%2Fwp%2Fv2%2Fcomments&post=5665"}],"version-history":[{"count":1,"href":"http:\/\/grabanow.tau.pl\/wp\/index.php?rest_route=\/wp\/v2\/posts\/5665\/revisions"}],"predecessor-version":[{"id":5667,"href":"http:\/\/grabanow.tau.pl\/wp\/index.php?rest_route=\/wp\/v2\/posts\/5665\/revisions\/5667"}],"wp:attachment":[{"href":"http:\/\/grabanow.tau.pl\/wp\/index.php?rest_route=%2Fwp%2Fv2%2Fmedia&parent=5665"}],"wp:term":[{"taxonomy":"category","embeddable":true,"href":"http:\/\/grabanow.tau.pl\/wp\/index.php?rest_route=%2Fwp%2Fv2%2Fcategories&post=5665"},{"taxonomy":"post_tag","embeddable":true,"href":"http:\/\/grabanow.tau.pl\/wp\/index.php?rest_route=%2Fwp%2Fv2%2Ftags&post=5665"}],"curies":[{"name":"wp","href":"https:\/\/api.w.org\/{rel}","templated":true}]}}