{"id":6135,"date":"2019-03-28T07:29:23","date_gmt":"2019-03-28T07:29:23","guid":{"rendered":"http:\/\/grabanow.tau.pl\/wp\/?p=6135"},"modified":"2019-03-28T07:30:22","modified_gmt":"2019-03-28T07:30:22","slug":"final-mistrzostw-gminy-w-halowej-pilce-noznej","status":"publish","type":"post","link":"http:\/\/grabanow.tau.pl\/wp\/?p=6135","title":{"rendered":"FINA\u0141 MISTRZOSTW GMINY W HALOWEJ PI\u0141CE NO\u017bNEJ"},"content":{"rendered":"<p><strong>FINA\u0141 MISTRZOSTW GMINY W HALOWEJ PI\u0141CE NO\u017bNEJ CH\u0141OPC\u00d3W ROCZNIK 2008 I M\u0141ODSZYCH. SWORY 26.03.2019 ROK.<\/strong><\/p>\n<p style=\"text-align: justify;\">26 marca 2019 roku w hali Szko\u0142y Podstawowej w Sworach odby\u0142 si\u0119 Fina\u0142 Mistrzostw Gminy Bia\u0142a Podlaska w Halowej Pi\u0142ce No\u017cnej Ch\u0142opc\u00f3w z rocznika 2008 i m\u0142odszych. Uczniowie Szko\u0142y Podstawowej w Grabanowie w sk\u0142adzie: Korczak Alan, Korsze\u0144 Franciszek, Chalimoniuk Bartosz, Kasprzuk Pawe\u0142, Romaniuk Maciej, Bylina Dominik, Sacewicz Micha\u0142, Romaniuk Kacper, Korczak Jakub i Kuszneruk Micha\u0142, po zaci\u0119tych pojedynkach, zaj\u0119li drugie miejsce spo\u015br\u00f3d dziewi\u0119ciu szk\u00f3\u0142. Ulegli tylko gospodarzom, uczniom Szko\u0142y Podstawowej w Sworach, zdobywaj\u0105c <strong>Wicemistrzostwo Gminy.<\/strong><\/p>\n<p style=\"text-align: justify;\">Dzi\u0119ki hojno\u015bci sponsora, <strong>FIRMIE BLACHOTRAPEZ,<\/strong> m\u0142odzi pi\u0142karze mogli rozegra\u0107 turniej w nowych, bardzo \u0142adnych strojach firmy adidas. Oto kilka fotografii:<\/p>\n<p style=\"text-align: justify;\"><a href=\"http:\/\/grabanow.tau.pl\/wp\/wp-content\/uploads\/2019\/03\/20190326_100048.jpg\"><img decoding=\"async\" loading=\"lazy\" class=\"alignnone size-thumbnail wp-image-6136\" src=\"http:\/\/grabanow.tau.pl\/wp\/wp-content\/uploads\/2019\/03\/20190326_100048-150x150.jpg\" alt=\"20190326_100048\" width=\"150\" height=\"150\" \/><\/a><a href=\"http:\/\/grabanow.tau.pl\/wp\/wp-content\/uploads\/2019\/03\/20190326_105805.jpg\"><img decoding=\"async\" loading=\"lazy\" class=\"alignnone size-thumbnail wp-image-6137\" src=\"http:\/\/grabanow.tau.pl\/wp\/wp-content\/uploads\/2019\/03\/20190326_105805-150x150.jpg\" alt=\"20190326_105805\" width=\"150\" height=\"150\" \/><\/a><a href=\"http:\/\/grabanow.tau.pl\/wp\/wp-content\/uploads\/2019\/03\/imggcsi5D294FA3402E399E1E9C4AC89C00A5D6ED3EB799mpid8maxwidth753maxheight716.jpg\"><img decoding=\"async\" loading=\"lazy\" class=\"alignnone size-thumbnail wp-image-6138\" src=\"http:\/\/grabanow.tau.pl\/wp\/wp-content\/uploads\/2019\/03\/imggcsi5D294FA3402E399E1E9C4AC89C00A5D6ED3EB799mpid8maxwidth753maxheight716-150x150.jpg\" alt=\"img,gcsi,5D294FA3402E399E1E9C4AC89C00A5D6ED3EB799,mpid,8,maxwidth,753,maxheight,716\" width=\"150\" height=\"150\" \/><\/a><a href=\"http:\/\/grabanow.tau.pl\/wp\/wp-content\/uploads\/2019\/03\/20190326_095908.jpg\"><img decoding=\"async\" loading=\"lazy\" class=\"alignnone size-thumbnail wp-image-6139\" src=\"http:\/\/grabanow.tau.pl\/wp\/wp-content\/uploads\/2019\/03\/20190326_095908-150x150.jpg\" alt=\"20190326_095908\" width=\"150\" height=\"150\" \/><\/a> <a href=\"http:\/\/grabanow.tau.pl\/wp\/wp-content\/uploads\/2019\/03\/20190326_100042.jpg\"><img decoding=\"async\" loading=\"lazy\" class=\"alignnone size-thumbnail wp-image-6140\" src=\"http:\/\/grabanow.tau.pl\/wp\/wp-content\/uploads\/2019\/03\/20190326_100042-150x150.jpg\" alt=\"20190326_100042\" width=\"150\" height=\"150\" \/><\/a> <a href=\"http:\/\/grabanow.tau.pl\/wp\/wp-content\/uploads\/2019\/03\/20190326_111603.jpg\"><img decoding=\"async\" loading=\"lazy\" class=\"alignnone size-thumbnail wp-image-6141\" src=\"http:\/\/grabanow.tau.pl\/wp\/wp-content\/uploads\/2019\/03\/20190326_111603-150x150.jpg\" alt=\"20190326_111603\" width=\"150\" height=\"150\" \/><\/a><\/p>\n","protected":false},"excerpt":{"rendered":"<p>FINA\u0141 MISTRZOSTW GMINY W HALOWEJ PI\u0141CE NO\u017bNEJ CH\u0141OPC\u00d3W ROCZNIK 2008 I M\u0141ODSZYCH. SWORY 26.03.2019 ROK. 26 marca 2019 roku w hali Szko\u0142y Podstawowej w Sworach odby\u0142 si\u0119 Fina\u0142 Mistrzostw Gminy Bia\u0142a Podlaska w Halowej Pi\u0142ce No\u017cnej Ch\u0142opc\u00f3w z rocznika 2008 i m\u0142odszych. Uczniowie Szko\u0142y Podstawowej w Grabanowie w sk\u0142adzie: Korczak Alan, Korsze\u0144 Franciszek, Chalimoniuk Bartosz, &hellip; <\/p>\n<p><a class=\"more-link btn\" href=\"http:\/\/grabanow.tau.pl\/wp\/?p=6135\">Kontynuuj czytanie<\/a><\/p>\n","protected":false},"author":1,"featured_media":0,"comment_status":"open","ping_status":"open","sticky":false,"template":"","format":"standard","meta":[],"categories":[1],"tags":[],"_links":{"self":[{"href":"http:\/\/grabanow.tau.pl\/wp\/index.php?rest_route=\/wp\/v2\/posts\/6135"}],"collection":[{"href":"http:\/\/grabanow.tau.pl\/wp\/index.php?rest_route=\/wp\/v2\/posts"}],"about":[{"href":"http:\/\/grabanow.tau.pl\/wp\/index.php?rest_route=\/wp\/v2\/types\/post"}],"author":[{"embeddable":true,"href":"http:\/\/grabanow.tau.pl\/wp\/index.php?rest_route=\/wp\/v2\/users\/1"}],"replies":[{"embeddable":true,"href":"http:\/\/grabanow.tau.pl\/wp\/index.php?rest_route=%2Fwp%2Fv2%2Fcomments&post=6135"}],"version-history":[{"count":2,"href":"http:\/\/grabanow.tau.pl\/wp\/index.php?rest_route=\/wp\/v2\/posts\/6135\/revisions"}],"predecessor-version":[{"id":6143,"href":"http:\/\/grabanow.tau.pl\/wp\/index.php?rest_route=\/wp\/v2\/posts\/6135\/revisions\/6143"}],"wp:attachment":[{"href":"http:\/\/grabanow.tau.pl\/wp\/index.php?rest_route=%2Fwp%2Fv2%2Fmedia&parent=6135"}],"wp:term":[{"taxonomy":"category","embeddable":true,"href":"http:\/\/grabanow.tau.pl\/wp\/index.php?rest_route=%2Fwp%2Fv2%2Fcategories&post=6135"},{"taxonomy":"post_tag","embeddable":true,"href":"http:\/\/grabanow.tau.pl\/wp\/index.php?rest_route=%2Fwp%2Fv2%2Ftags&post=6135"}],"curies":[{"name":"wp","href":"https:\/\/api.w.org\/{rel}","templated":true}]}}