{"id":6387,"date":"2019-06-16T20:48:52","date_gmt":"2019-06-16T20:48:52","guid":{"rendered":"http:\/\/grabanow.tau.pl\/wp\/?p=6387"},"modified":"2019-06-16T20:49:16","modified_gmt":"2019-06-16T20:49:16","slug":"wycieczka-klas-i-iii-do-bialegostoku","status":"publish","type":"post","link":"http:\/\/grabanow.tau.pl\/wp\/?p=6387","title":{"rendered":"WYCIECZKA KLAS I-III DO BIA\u0141EGOSTOKU"},"content":{"rendered":"<p><strong>Wycieczka klas I-III do Bia\u0142egostoku<\/strong><\/p>\n<p>Uczniowie klas m\u0142odszych w dniu 7 VI 2019r. wraz z opiekunami: E. Osielsk\u0105, D. Wo\u017any, J. Osielsk\u0105-F\u0105far\u0105 uczestniczyli w wycieczce do Bia\u0142egostoku.<\/p>\n<p>Pierwsz\u0105 atrakcj\u0105, jaka na nas czeka\u0142a, by\u0142a wizyta w Bia\u0142ostockim Teatrze Lalek. Tam obejrzeli\u015bmy spektakl pt. \u201eKarmelek\u201d. Nast\u0119pnie zwiedzili\u015bmy Piwnic\u0119 Lalek, rozg\u0142o\u015bni\u0119 radiow\u0105 \u201eJard\u201d i Mini zoo. Po intensywnym zwiedzaniu wszyscy udali\u015bmy si\u0119 do autokaru i pojechali\u015bmy do Jurajskiego Parku Dinozaur\u00f3w, gdzie czeka\u0142 na nas smaczny obiad. Przygod\u0119 z Parkiem rozpocz\u0119li\u015bmy od zwiedzania \u015bcie\u017cki edukacyjnej, po kt\u00f3rej oprowadzi\u0142 nas fantastyczny przewodnik p. Andrzej. Nast\u0119pnie mieli\u015bmy mo\u017cliwo\u015b\u0107 skorzystania z pozosta\u0142ych atrakcji oferowanych przez Jurajski Park Dinozaur\u00f3w.<\/p>\n<p>Prze\u017cyli\u015bmy niezapomniane chwile na kolejce g\u00f3rskiej, karuzeli, autodromie oraz w parku linowym. Ch\u0119tnie p\u0142ywali\u015bmy \u0142\u00f3dk\u0105 po zaczarowanym stawie.<\/p>\n<p>Zm\u0119czeni, ale pe\u0142ni wra\u017ce\u0144 i fantastycznych wspomnie\u0144 wr\u00f3cili\u015bmy do szko\u0142y.<\/p>\n<p>&nbsp;<\/p>\n<p>&nbsp;<\/p>\n<p>&nbsp;<\/p>\n<p><a href=\"http:\/\/grabanow.tau.pl\/wp\/wp-content\/uploads\/2019\/06\/DSC_0175.jpg\"><img decoding=\"async\" loading=\"lazy\" class=\"alignnone size-thumbnail wp-image-6371\" src=\"http:\/\/grabanow.tau.pl\/wp\/wp-content\/uploads\/2019\/06\/DSC_0175-150x150.jpg\" alt=\"DSC_0175\" width=\"150\" height=\"150\" \/><\/a> <a href=\"http:\/\/grabanow.tau.pl\/wp\/wp-content\/uploads\/2019\/06\/DSC_0173.jpg\"><img decoding=\"async\" loading=\"lazy\" class=\"alignnone wp-image-6370 size-thumbnail\" src=\"http:\/\/grabanow.tau.pl\/wp\/wp-content\/uploads\/2019\/06\/DSC_0173-e1560717934507-150x150.jpg\" alt=\"DSC_0173\" width=\"150\" height=\"150\" \/><\/a> <a href=\"http:\/\/grabanow.tau.pl\/wp\/wp-content\/uploads\/2019\/06\/62350772_2241345492625425_2659433471826460672_n.jpg\"><img decoding=\"async\" loading=\"lazy\" class=\"alignnone size-thumbnail wp-image-6369\" src=\"http:\/\/grabanow.tau.pl\/wp\/wp-content\/uploads\/2019\/06\/62350772_2241345492625425_2659433471826460672_n-150x150.jpg\" alt=\"62350772_2241345492625425_2659433471826460672_n\" width=\"150\" height=\"150\" \/><\/a> <a href=\"http:\/\/grabanow.tau.pl\/wp\/wp-content\/uploads\/2019\/06\/61910335_2241345419292099_1760280285997432832_n.jpg\"><img decoding=\"async\" loading=\"lazy\" class=\"alignnone size-thumbnail wp-image-6368\" src=\"http:\/\/grabanow.tau.pl\/wp\/wp-content\/uploads\/2019\/06\/61910335_2241345419292099_1760280285997432832_n-150x150.jpg\" alt=\"61910335_2241345419292099_1760280285997432832_n\" width=\"150\" height=\"150\" \/><\/a> <a href=\"http:\/\/grabanow.tau.pl\/wp\/wp-content\/uploads\/2019\/06\/61888654_2241345265958781_2470771720475115520_n.jpg\"><img decoding=\"async\" loading=\"lazy\" class=\"alignnone size-thumbnail wp-image-6367\" src=\"http:\/\/grabanow.tau.pl\/wp\/wp-content\/uploads\/2019\/06\/61888654_2241345265958781_2470771720475115520_n-150x150.jpg\" alt=\"61888654_2241345265958781_2470771720475115520_n\" width=\"150\" height=\"150\" \/><\/a> <a href=\"http:\/\/grabanow.tau.pl\/wp\/wp-content\/uploads\/2019\/06\/DSC_0180.jpg\"><img decoding=\"async\" loading=\"lazy\" class=\"alignnone size-thumbnail wp-image-6372\" src=\"http:\/\/grabanow.tau.pl\/wp\/wp-content\/uploads\/2019\/06\/DSC_0180-150x150.jpg\" alt=\"DSC_0180\" width=\"150\" height=\"150\" \/><\/a> <a href=\"http:\/\/grabanow.tau.pl\/wp\/wp-content\/uploads\/2019\/06\/DSC_0200.jpg\"><img decoding=\"async\" loading=\"lazy\" class=\"alignnone size-thumbnail wp-image-6373\" src=\"http:\/\/grabanow.tau.pl\/wp\/wp-content\/uploads\/2019\/06\/DSC_0200-150x150.jpg\" alt=\"DSC_0200\" width=\"150\" height=\"150\" \/><\/a> <a href=\"http:\/\/grabanow.tau.pl\/wp\/wp-content\/uploads\/2019\/06\/DSC_0201.jpg\"><img decoding=\"async\" loading=\"lazy\" class=\"alignnone size-thumbnail wp-image-6374\" src=\"http:\/\/grabanow.tau.pl\/wp\/wp-content\/uploads\/2019\/06\/DSC_0201-150x150.jpg\" alt=\"DSC_0201\" width=\"150\" height=\"150\" \/><\/a> <a href=\"http:\/\/grabanow.tau.pl\/wp\/wp-content\/uploads\/2019\/06\/DSC_0203.jpg\"><img decoding=\"async\" loading=\"lazy\" class=\"alignnone size-thumbnail wp-image-6375\" src=\"http:\/\/grabanow.tau.pl\/wp\/wp-content\/uploads\/2019\/06\/DSC_0203-150x150.jpg\" alt=\"DSC_0203\" width=\"150\" height=\"150\" \/><\/a> <a href=\"http:\/\/grabanow.tau.pl\/wp\/wp-content\/uploads\/2019\/06\/DSC_0205.jpg\"><img decoding=\"async\" loading=\"lazy\" class=\"alignnone wp-image-6376 size-thumbnail\" src=\"http:\/\/grabanow.tau.pl\/wp\/wp-content\/uploads\/2019\/06\/DSC_0205-e1560717977541-150x150.jpg\" alt=\"DSC_0205\" width=\"150\" height=\"150\" \/><\/a> <a href=\"http:\/\/grabanow.tau.pl\/wp\/wp-content\/uploads\/2019\/06\/DSC_0208.jpg\"><img decoding=\"async\" loading=\"lazy\" class=\"alignnone wp-image-6377 size-thumbnail\" src=\"http:\/\/grabanow.tau.pl\/wp\/wp-content\/uploads\/2019\/06\/DSC_0208-e1560717999218-150x150.jpg\" alt=\"DSC_0208\" width=\"150\" height=\"150\" \/><\/a> <img decoding=\"async\" loading=\"lazy\" class=\"alignnone wp-image-6378 size-thumbnail\" src=\"http:\/\/grabanow.tau.pl\/wp\/wp-content\/uploads\/2019\/06\/DSC_0209-e1560718025948-150x150.jpg\" alt=\"DSC_0209\" width=\"150\" height=\"150\" \/>\u00a0<a href=\"http:\/\/grabanow.tau.pl\/wp\/wp-content\/uploads\/2019\/06\/DSC_0210.jpg\"><img decoding=\"async\" loading=\"lazy\" class=\"alignnone wp-image-6379 size-thumbnail\" src=\"http:\/\/grabanow.tau.pl\/wp\/wp-content\/uploads\/2019\/06\/DSC_0210-e1560718047653-150x150.jpg\" alt=\"DSC_0210\" width=\"150\" height=\"150\" \/><\/a> <a href=\"http:\/\/grabanow.tau.pl\/wp\/wp-content\/uploads\/2019\/06\/DSC_0212.jpg\"><img decoding=\"async\" loading=\"lazy\" class=\"alignnone wp-image-6380 size-thumbnail\" src=\"http:\/\/grabanow.tau.pl\/wp\/wp-content\/uploads\/2019\/06\/DSC_0212-e1560718070472-150x150.jpg\" alt=\"DSC_0212\" width=\"150\" height=\"150\" \/><\/a> <a href=\"http:\/\/grabanow.tau.pl\/wp\/wp-content\/uploads\/2019\/06\/DSC_0213.jpg\"><img decoding=\"async\" loading=\"lazy\" class=\"alignnone wp-image-6381 size-thumbnail\" src=\"http:\/\/grabanow.tau.pl\/wp\/wp-content\/uploads\/2019\/06\/DSC_0213-e1560718095188-150x150.jpg\" alt=\"DSC_0213\" width=\"150\" height=\"150\" \/><\/a> <a href=\"http:\/\/grabanow.tau.pl\/wp\/wp-content\/uploads\/2019\/06\/IMG_20190607_150540.jpg\"><img decoding=\"async\" loading=\"lazy\" class=\"alignnone size-thumbnail wp-image-6384\" src=\"http:\/\/grabanow.tau.pl\/wp\/wp-content\/uploads\/2019\/06\/IMG_20190607_150540-150x150.jpg\" alt=\"IMG_20190607_150540\" width=\"150\" height=\"150\" \/><\/a> <a href=\"http:\/\/grabanow.tau.pl\/wp\/wp-content\/uploads\/2019\/06\/DSC_0216.jpg\"><img decoding=\"async\" loading=\"lazy\" class=\"alignnone size-thumbnail wp-image-6383\" src=\"http:\/\/grabanow.tau.pl\/wp\/wp-content\/uploads\/2019\/06\/DSC_0216-150x150.jpg\" alt=\"DSC_0216\" width=\"150\" height=\"150\" \/><\/a> <a href=\"http:\/\/grabanow.tau.pl\/wp\/wp-content\/uploads\/2019\/06\/DSC_0214.jpg\"><img decoding=\"async\" loading=\"lazy\" class=\"alignnone wp-image-6382 size-thumbnail\" src=\"http:\/\/grabanow.tau.pl\/wp\/wp-content\/uploads\/2019\/06\/DSC_0214-e1560718121717-150x150.jpg\" alt=\"DSC_0214\" width=\"150\" height=\"150\" \/><\/a><\/p>\n","protected":false},"excerpt":{"rendered":"<p>Wycieczka klas I-III do Bia\u0142egostoku Uczniowie klas m\u0142odszych w dniu 7 VI 2019r. wraz z opiekunami: E. Osielsk\u0105, D. Wo\u017any, J. Osielsk\u0105-F\u0105far\u0105 uczestniczyli w wycieczce do Bia\u0142egostoku. Pierwsz\u0105 atrakcj\u0105, jaka na nas czeka\u0142a, by\u0142a wizyta w Bia\u0142ostockim Teatrze Lalek. Tam obejrzeli\u015bmy spektakl pt. \u201eKarmelek\u201d. Nast\u0119pnie zwiedzili\u015bmy Piwnic\u0119 Lalek, rozg\u0142o\u015bni\u0119 radiow\u0105 \u201eJard\u201d i Mini zoo. Po &hellip; <\/p>\n<p><a class=\"more-link btn\" href=\"http:\/\/grabanow.tau.pl\/wp\/?p=6387\">Kontynuuj czytanie<\/a><\/p>\n","protected":false},"author":1,"featured_media":0,"comment_status":"open","ping_status":"open","sticky":false,"template":"","format":"standard","meta":[],"categories":[1],"tags":[],"_links":{"self":[{"href":"http:\/\/grabanow.tau.pl\/wp\/index.php?rest_route=\/wp\/v2\/posts\/6387"}],"collection":[{"href":"http:\/\/grabanow.tau.pl\/wp\/index.php?rest_route=\/wp\/v2\/posts"}],"about":[{"href":"http:\/\/grabanow.tau.pl\/wp\/index.php?rest_route=\/wp\/v2\/types\/post"}],"author":[{"embeddable":true,"href":"http:\/\/grabanow.tau.pl\/wp\/index.php?rest_route=\/wp\/v2\/users\/1"}],"replies":[{"embeddable":true,"href":"http:\/\/grabanow.tau.pl\/wp\/index.php?rest_route=%2Fwp%2Fv2%2Fcomments&post=6387"}],"version-history":[{"count":1,"href":"http:\/\/grabanow.tau.pl\/wp\/index.php?rest_route=\/wp\/v2\/posts\/6387\/revisions"}],"predecessor-version":[{"id":6388,"href":"http:\/\/grabanow.tau.pl\/wp\/index.php?rest_route=\/wp\/v2\/posts\/6387\/revisions\/6388"}],"wp:attachment":[{"href":"http:\/\/grabanow.tau.pl\/wp\/index.php?rest_route=%2Fwp%2Fv2%2Fmedia&parent=6387"}],"wp:term":[{"taxonomy":"category","embeddable":true,"href":"http:\/\/grabanow.tau.pl\/wp\/index.php?rest_route=%2Fwp%2Fv2%2Fcategories&post=6387"},{"taxonomy":"post_tag","embeddable":true,"href":"http:\/\/grabanow.tau.pl\/wp\/index.php?rest_route=%2Fwp%2Fv2%2Ftags&post=6387"}],"curies":[{"name":"wp","href":"https:\/\/api.w.org\/{rel}","templated":true}]}}