{"id":7008,"date":"2019-12-08T17:02:42","date_gmt":"2019-12-08T17:02:42","guid":{"rendered":"http:\/\/grabanow.tau.pl\/wp\/?p=7008"},"modified":"2019-12-08T23:08:30","modified_gmt":"2019-12-08T23:08:30","slug":"tak-pomagam","status":"publish","type":"post","link":"http:\/\/grabanow.tau.pl\/wp\/?p=7008","title":{"rendered":"TAK POMAGAM!"},"content":{"rendered":"<p style=\"text-align: justify;\">Uczniowie ze Szkolnego Ko\u0142a Caritas w\u0142\u0105czyli si\u0119 do przed\u015bwi\u0105tecznej zbi\u00f3rki \u017cywno\u015bci Caritas &#8222;Tak Pomagam!&#8221; przeprowadzonej 6 grudnia w sklepie Spo\u0142em.przy ulicy Terebelskiej. Dzi\u0119kujemy wolontariuszom, kt\u00f3rzy po\u015bwi\u0119cili sw\u00f3j wolny czas i pomogli najubo\u017cszym.<\/p>\n<p><a href=\"http:\/\/grabanow.tau.pl\/wp\/wp-content\/uploads\/2019\/12\/06222F00-55AC-49EB-8B54-751FF0CE47C2.jpeg\"><img decoding=\"async\" loading=\"lazy\" class=\"alignnone size-thumbnail wp-image-7003\" src=\"http:\/\/grabanow.tau.pl\/wp\/wp-content\/uploads\/2019\/12\/06222F00-55AC-49EB-8B54-751FF0CE47C2-150x150.jpeg\" alt=\"06222F00-55AC-49EB-8B54-751FF0CE47C2\" width=\"150\" height=\"150\" \/><\/a><a href=\"http:\/\/grabanow.tau.pl\/wp\/wp-content\/uploads\/2019\/12\/E717AB20-9DCB-4406-849C-C496EDC3D4B2.jpeg\"><img decoding=\"async\" loading=\"lazy\" class=\"alignnone wp-image-7001 size-thumbnail\" src=\"http:\/\/grabanow.tau.pl\/wp\/wp-content\/uploads\/2019\/12\/E717AB20-9DCB-4406-849C-C496EDC3D4B2-150x150.jpeg\" alt=\"E717AB20-9DCB-4406-849C-C496EDC3D4B2\" width=\"150\" height=\"150\" \/><\/a><a href=\"http:\/\/grabanow.tau.pl\/wp\/wp-content\/uploads\/2019\/12\/7D16F516-AD14-4391-B0D1-CBE02422ED85.jpeg\"><img decoding=\"async\" loading=\"lazy\" class=\"alignnone size-thumbnail wp-image-7004\" src=\"http:\/\/grabanow.tau.pl\/wp\/wp-content\/uploads\/2019\/12\/7D16F516-AD14-4391-B0D1-CBE02422ED85-150x150.jpeg\" alt=\"7D16F516-AD14-4391-B0D1-CBE02422ED85\" width=\"150\" height=\"150\" \/><\/a><\/p>\n","protected":false},"excerpt":{"rendered":"<p>Uczniowie ze Szkolnego Ko\u0142a Caritas w\u0142\u0105czyli si\u0119 do przed\u015bwi\u0105tecznej zbi\u00f3rki \u017cywno\u015bci Caritas &#8222;Tak Pomagam!&#8221; przeprowadzonej 6 grudnia w sklepie Spo\u0142em.przy ulicy Terebelskiej. Dzi\u0119kujemy wolontariuszom, kt\u00f3rzy po\u015bwi\u0119cili sw\u00f3j wolny czas i pomogli najubo\u017cszym.<\/p>\n","protected":false},"author":1,"featured_media":0,"comment_status":"open","ping_status":"open","sticky":false,"template":"","format":"standard","meta":[],"categories":[1],"tags":[],"_links":{"self":[{"href":"http:\/\/grabanow.tau.pl\/wp\/index.php?rest_route=\/wp\/v2\/posts\/7008"}],"collection":[{"href":"http:\/\/grabanow.tau.pl\/wp\/index.php?rest_route=\/wp\/v2\/posts"}],"about":[{"href":"http:\/\/grabanow.tau.pl\/wp\/index.php?rest_route=\/wp\/v2\/types\/post"}],"author":[{"embeddable":true,"href":"http:\/\/grabanow.tau.pl\/wp\/index.php?rest_route=\/wp\/v2\/users\/1"}],"replies":[{"embeddable":true,"href":"http:\/\/grabanow.tau.pl\/wp\/index.php?rest_route=%2Fwp%2Fv2%2Fcomments&post=7008"}],"version-history":[{"count":6,"href":"http:\/\/grabanow.tau.pl\/wp\/index.php?rest_route=\/wp\/v2\/posts\/7008\/revisions"}],"predecessor-version":[{"id":7017,"href":"http:\/\/grabanow.tau.pl\/wp\/index.php?rest_route=\/wp\/v2\/posts\/7008\/revisions\/7017"}],"wp:attachment":[{"href":"http:\/\/grabanow.tau.pl\/wp\/index.php?rest_route=%2Fwp%2Fv2%2Fmedia&parent=7008"}],"wp:term":[{"taxonomy":"category","embeddable":true,"href":"http:\/\/grabanow.tau.pl\/wp\/index.php?rest_route=%2Fwp%2Fv2%2Fcategories&post=7008"},{"taxonomy":"post_tag","embeddable":true,"href":"http:\/\/grabanow.tau.pl\/wp\/index.php?rest_route=%2Fwp%2Fv2%2Ftags&post=7008"}],"curies":[{"name":"wp","href":"https:\/\/api.w.org\/{rel}","templated":true}]}}