{"id":7084,"date":"2019-12-20T23:13:49","date_gmt":"2019-12-20T23:13:49","guid":{"rendered":"http:\/\/grabanow.tau.pl\/wp\/?p=7084"},"modified":"2019-12-22T23:20:31","modified_gmt":"2019-12-22T23:20:31","slug":"zyczenia-swiateczne-2","status":"publish","type":"post","link":"http:\/\/grabanow.tau.pl\/wp\/?p=7084","title":{"rendered":"\u017bYCZENIA \u015aWI\u0104TECZNE"},"content":{"rendered":"<p style=\"text-align: center;\"><strong><img decoding=\"async\" loading=\"lazy\" class=\"alignnone size-thumbnail wp-image-7085 aligncenter\" src=\"http:\/\/grabanow.tau.pl\/wp\/wp-content\/uploads\/2019\/12\/images-150x150.jpg\" alt=\"images\" width=\"150\" height=\"150\" \/><span style=\"font-family: comic sans ms,sans-serif; font-size: 10pt;\">Zdrowych, radosnych i rodzinnych<\/span><\/strong><\/p>\n<p style=\"text-align: center;\"><span style=\"font-family: comic sans ms,sans-serif; font-size: 10pt;\"><strong>\u015awi\u0105t Bo\u017cego Narodzenia<\/strong><\/span><\/p>\n<p style=\"text-align: center;\"><span style=\"font-family: comic sans ms,sans-serif; font-size: 10pt;\"><strong>oraz<\/strong><\/span><\/p>\n<p style=\"text-align: center;\"><span style=\"font-family: comic sans ms,sans-serif; font-size: 10pt;\"><strong>szcz\u0119\u015bliwego Nowego Roku,<\/strong><\/span><\/p>\n<p style=\"text-align: center;\"><strong><span style=\"font-family: comic sans ms,sans-serif; font-size: 10pt;\">\u017cycz\u0105<\/span><\/strong><\/p>\n<p style=\"text-align: center;\"><strong><span style=\"font-family: comic sans ms,sans-serif; font-size: 10pt;\">Dyrektor oraz Grono Pedagogiczne <\/span><\/strong><\/p>\n<p style=\"text-align: center;\"><strong><span style=\"font-family: comic sans ms,sans-serif; font-size: 10pt;\">Szko\u0142y Podstawowej w Grabanowie<\/span><\/strong><\/p>\n<p style=\"text-align: center;\">\n","protected":false},"excerpt":{"rendered":"<p>Zdrowych, radosnych i rodzinnych \u015awi\u0105t Bo\u017cego Narodzenia oraz szcz\u0119\u015bliwego Nowego Roku, \u017cycz\u0105 Dyrektor oraz Grono Pedagogiczne Szko\u0142y Podstawowej w Grabanowie<\/p>\n","protected":false},"author":1,"featured_media":0,"comment_status":"open","ping_status":"open","sticky":false,"template":"","format":"standard","meta":[],"categories":[1],"tags":[],"_links":{"self":[{"href":"http:\/\/grabanow.tau.pl\/wp\/index.php?rest_route=\/wp\/v2\/posts\/7084"}],"collection":[{"href":"http:\/\/grabanow.tau.pl\/wp\/index.php?rest_route=\/wp\/v2\/posts"}],"about":[{"href":"http:\/\/grabanow.tau.pl\/wp\/index.php?rest_route=\/wp\/v2\/types\/post"}],"author":[{"embeddable":true,"href":"http:\/\/grabanow.tau.pl\/wp\/index.php?rest_route=\/wp\/v2\/users\/1"}],"replies":[{"embeddable":true,"href":"http:\/\/grabanow.tau.pl\/wp\/index.php?rest_route=%2Fwp%2Fv2%2Fcomments&post=7084"}],"version-history":[{"count":3,"href":"http:\/\/grabanow.tau.pl\/wp\/index.php?rest_route=\/wp\/v2\/posts\/7084\/revisions"}],"predecessor-version":[{"id":7090,"href":"http:\/\/grabanow.tau.pl\/wp\/index.php?rest_route=\/wp\/v2\/posts\/7084\/revisions\/7090"}],"wp:attachment":[{"href":"http:\/\/grabanow.tau.pl\/wp\/index.php?rest_route=%2Fwp%2Fv2%2Fmedia&parent=7084"}],"wp:term":[{"taxonomy":"category","embeddable":true,"href":"http:\/\/grabanow.tau.pl\/wp\/index.php?rest_route=%2Fwp%2Fv2%2Fcategories&post=7084"},{"taxonomy":"post_tag","embeddable":true,"href":"http:\/\/grabanow.tau.pl\/wp\/index.php?rest_route=%2Fwp%2Fv2%2Ftags&post=7084"}],"curies":[{"name":"wp","href":"https:\/\/api.w.org\/{rel}","templated":true}]}}