{"id":7934,"date":"2020-10-11T16:26:35","date_gmt":"2020-10-11T16:26:35","guid":{"rendered":"http:\/\/grabanow.tau.pl\/wp\/?p=7934"},"modified":"2020-10-15T21:53:07","modified_gmt":"2020-10-15T21:53:07","slug":"swieto-szkoly-3","status":"publish","type":"post","link":"http:\/\/grabanow.tau.pl\/wp\/?p=7934","title":{"rendered":"\u015awi\u0119to Szko\u0142y"},"content":{"rendered":"\n<div class=\"wp-block-image\"><figure class=\"aligncenter size-large is-resized\"><img decoding=\"async\" loading=\"lazy\" src=\"http:\/\/grabanow.tau.pl\/wp\/wp-content\/uploads\/2020\/10\/DSC_0483-1024x681.jpg\" alt=\"\" class=\"wp-image-7892\" width=\"521\" height=\"346\" srcset=\"http:\/\/grabanow.tau.pl\/wp\/wp-content\/uploads\/2020\/10\/DSC_0483-1024x681.jpg 1024w, http:\/\/grabanow.tau.pl\/wp\/wp-content\/uploads\/2020\/10\/DSC_0483-300x199.jpg 300w, http:\/\/grabanow.tau.pl\/wp\/wp-content\/uploads\/2020\/10\/DSC_0483-768x511.jpg 768w, http:\/\/grabanow.tau.pl\/wp\/wp-content\/uploads\/2020\/10\/DSC_0483-1536x1021.jpg 1536w, http:\/\/grabanow.tau.pl\/wp\/wp-content\/uploads\/2020\/10\/DSC_0483-2048x1362.jpg 2048w, http:\/\/grabanow.tau.pl\/wp\/wp-content\/uploads\/2020\/10\/DSC_0483-555x369.jpg 555w\" sizes=\"(max-width: 521px) 100vw, 521px\" \/><\/figure><\/div>\n\n\n\n\n\n<p style=\"text-align: justify;\">\u00a0\u00a0\u00a0\u00a0\u00a0 Dnia <strong>7 pa\u017adziernika 2020 roku w Szkole Podstawowej w Grabanowie<\/strong> obchodzono Dzie\u0144 Patrona \u2013 30 Poleskiej Dywizji Piechoty AK. By\u0142o to \u015bwi\u0119to szczeg\u00f3lne, gdy\u017c w tym roku przypada <strong>100. rocznica istnienia szko\u0142y, 30. rocznica reaktywacji szko\u0142y i 25. rocznica nadania imienia i sztandaru szkole.<\/strong> \u015awi\u0119towano pod has\u0142em: <br \/><em>M\u0142ody cz\u0142owiek, \u017ceby wiedzie\u0107, dok\u0105d idzie, musi wiedzie\u0107, sk\u0105d przychodzi.<\/em><!--more--><\/p>\n<p style=\"text-align: justify;\">\u00a0\u00a0\u00a0\u00a0\u00a0\u00a0\u00a0\u00a0\u00a0\u00a0\u00a0 Uroczysto\u015b\u0107 odby\u0142a si\u0119 na boisku w gronie spo\u0142eczno\u015bci szkolnej <br \/>pod przewodnictwem <strong>pani dyrektor Beaty Zydlewskiej <\/strong>z zachowaniem w re\u017cimu sanitarnego spowodowanego pandemi\u0105. W zwi\u0105zku z tym nie mogli obchod\u00f3w u\u015bwietni\u0107 swoj\u0105 obecno\u015bci\u0105 przedstawiciele w\u0142adz o\u015bwiatowych i gminnych, dyrektorzy szk\u00f3\u0142, a przede wszystkim Patroni, kt\u00f3rzy ka\u017cdego roku odwiedzali\u00a0 \u201eswoj\u0105\u201d szko\u0142\u0119. Opowiadali w\u00f3wczas <br \/>o trudnych czasach wojny, m\u0142odo\u015bci, czy zawiedzionych nadziejach. Z naciskiem powtarzali swoje \u017cyciowe motto: B\u00f3g, Honor i Ojczyzna. By\u0142y to \u017cywe, niezwyk\u0142e lekcje historii <br \/>i patriotyzmu.<\/p>\n<p style=\"text-align: justify;\">\u00a0\u00a0\u00a0\u00a0\u00a0\u00a0\u00a0\u00a0\u00a0\u00a0\u00a0 W istniej\u0105cych kronikach znalaz\u0142y si\u0119 zapisy informuj\u0105ce o powo\u0142aniu w Grabanowie w 1920 roku jednoklasowej szko\u0142y powszechnej. Niestety tragiczne czasy II wojny \u015bwiatowej i okresu powojennego spowodowa\u0142y, \u017ce nauk\u0119 przeniesiono do dom\u00f3w prywatnych. Dopiero w latach 1963-65 w czynie spo\u0142ecznym wzniesiono budynek szko\u0142y. Niestety od po\u0142owy lat siedemdziesi\u0105tych poprzedniego stulecia zawieszono dzia\u0142alno\u015b\u0107 plac\u00f3wki ze wzgl\u0119d\u00f3w demograficznych, by na nowo j\u0105 reaktywowa\u0107 1 wrze\u015bnia 1990 roku,\u00a0 dzi\u0119ki staraniom pierwszej pani dyrektor Anny Ciesielczuk. 7 pa\u017adziernika 1995r. szko\u0142a otrzyma\u0142a imi\u0119 <br \/>i sztandar ofiarowany przez Fundacj\u0119 Teresy i Zdzis\u0142awa Knobl\u00f3w i \u015awiatowy Zwi\u0105zek Armii Krajowej Okr\u0119g Poleski.<\/p>\n<p style=\"text-align: justify;\">\u00a0\u00a0\u00a0\u00a0\u00a0\u00a0\u00a0\u00a0\u00a0\u00a0\u00a0 Od tego czasu plac\u00f3wka bardzo si\u0119 rozwin\u0119\u0142a. Nale\u017cy podkre\u015bli\u0107, \u017ce najwi\u0119ksze\u00a0 zmiany nast\u0105pi\u0142y po przekazaniu szk\u00f3\u0142 samorz\u0105dom, a\u00a0 ostatnie 15 lat to szczeg\u00f3lny rozw\u00f3j bazy lokalowej naszej szko\u0142y. <strong>Dokonano rozbudowy, pozyskano tereny wok\u00f3\u0142 szko\u0142y, utworzono pe\u0142nowymiarowe boisko do pi\u0142ki no\u017cnej. W kolejnych latach pozyskano tereny pod plac zabaw dla dzieci i utworzono go, ogrodzono teren wok\u00f3\u0142 szko\u0142y, za\u0142o\u017cono ca\u0142odobowy monitoring, dokonano rewitalizacji boiska asfaltowego do pi\u0142ki siatkowej i koszyk\u00f3wki, doposa\u017cono pracowni\u0119 komputerow\u0105 i zakupiono wiele nowoczesnych\u00a0 pomocy dydaktycznych. W chwili obecnej trwa dobudowa nowej cz\u0119\u015bci szko\u0142y w zwi\u0105zku ze zwi\u0119kszeniem jej stopnia organizacji.<\/strong><\/p>\n<p style=\"text-align: justify;\">Te wszystkie dzia\u0142ania nie mia\u0142yby miejsca bez \u015bcis\u0142ej wsp\u00f3\u0142pracy z organem prowadz\u0105cym szko\u0142\u0119 ze szczeg\u00f3lnym udzia\u0142em <strong>W\u00f3jta Gminy Bia\u0142a Podlaska<\/strong> \u2013<strong> pana Wies\u0142awa Panasiuka<\/strong>.<\/p>\n<p style=\"text-align: justify;\">\u00a0\u00a0\u00a0\u00a0\u00a0\u00a0 Obchody Dnia Patrona rozpocz\u0119to od\u015bpiewaniem hymnu szko\u0142y, po czym uczniowie klasy VII przedstawili histori\u0119 plac\u00f3wki. Nast\u0119pnie delegacja klas m\u0142odszych z\u0142o\u017cy\u0142a kwiaty pod tablic\u0105 pami\u0119ci, a minut\u0105 ciszy uczczono pami\u0119\u0107 \u017co\u0142nierzy 30 Poleskiej Dywizji Piechoty AK. S\u0142owo m\u00f3wione wzbogacono o s\u0142owo \u015bpiewane w wykonaniu ka\u017cdej klasy. Zaprezentowa\u0142y one swoje talenty wokalne podczas koncertu pie\u015bni patriotycznych. <br \/>W drugiej cz\u0119\u015bci uroczysto\u015bci uczniowie klas starszych rozwi\u0105zywali zagadki historyczne <br \/>w czasie gry terenowej, m\u0142odsi za\u015b uczestniczyli w zaj\u0119ciach przygotowanych przez wychowawc\u00f3w. Zwie\u0144czeniem gier i zabaw na \u015bwie\u017cym powietrzu by\u0142o ognisko <br \/>z pieczeniem kie\u0142basek i wsp\u00f3lnym \u015bpiewaniem pie\u015bni.<\/p>\n<p style=\"text-align: justify;\">\u00a0\u00a0\u00a0\u00a0 Obchodom \u015bwi\u0119ta towarzyszy\u0142a wystawa uczniowskich prac plastycznych pt.\u201dMoja szko\u0142a\u201d oraz uczniowskiej tw\u00f3rczo\u015bci poetyckiej pod tym samym tytu\u0142em.<\/p>\n<p style=\"text-align: justify;\">Uczniowie i absolwenci Szko\u0142y Podstawowej w Grabanowie dobrze znaj\u0105 histori\u0119. Tutaj, w swojej ma\u0142ej ojczy\u017anie ucz\u0105 si\u0119 szacunku do niej i siebie nawzajem. Pozostaj\u0105 wierni s\u0142owom Jana Paw\u0142a II: <em>Nie mo\u017cna s\u0142u\u017cy\u0107 narodowi nie znaj\u0105c jego dziej\u00f3w, bogatej tradycji <br \/>i kultury.<\/em><\/p>\n\n\n\n\n\n\n\t\t<style type=\"text\/css\">\n\t\t\t#gallery-1 {\n\t\t\t\tmargin: auto;\n\t\t\t}\n\t\t\t#gallery-1 .gallery-item {\n\t\t\t\tfloat: left;\n\t\t\t\tmargin-top: 10px;\n\t\t\t\ttext-align: center;\n\t\t\t\twidth: 33%;\n\t\t\t}\n\t\t\t#gallery-1 img {\n\t\t\t\tborder: 2px solid #cfcfcf;\n\t\t\t}\n\t\t\t#gallery-1 .gallery-caption {\n\t\t\t\tmargin-left: 0;\n\t\t\t}\n\t\t\t\/* see gallery_shortcode() in wp-includes\/media.php *\/\n\t\t<\/style>\n\t\t<div id='gallery-1' class='gallery galleryid-7934 gallery-columns-3 gallery-size-thumbnail'><dl class='gallery-item'>\n\t\t\t<dt class='gallery-icon landscape'>\n\t\t\t\t<a href='http:\/\/grabanow.tau.pl\/wp\/?attachment_id=7940'><img width=\"150\" height=\"150\" src=\"http:\/\/grabanow.tau.pl\/wp\/wp-content\/uploads\/2020\/10\/DSC_0698-150x150.jpg\" class=\"attachment-thumbnail size-thumbnail\" alt=\"\" decoding=\"async\" loading=\"lazy\" \/><\/a>\n\t\t\t<\/dt><\/dl><dl class='gallery-item'>\n\t\t\t<dt class='gallery-icon landscape'>\n\t\t\t\t<a href='http:\/\/grabanow.tau.pl\/wp\/?attachment_id=7939'><img width=\"150\" height=\"150\" src=\"http:\/\/grabanow.tau.pl\/wp\/wp-content\/uploads\/2020\/10\/DSC_0775-150x150.jpg\" class=\"attachment-thumbnail size-thumbnail\" alt=\"\" decoding=\"async\" loading=\"lazy\" \/><\/a>\n\t\t\t<\/dt><\/dl><dl class='gallery-item'>\n\t\t\t<dt class='gallery-icon landscape'>\n\t\t\t\t<a href='http:\/\/grabanow.tau.pl\/wp\/?attachment_id=7937'><img width=\"150\" height=\"150\" src=\"http:\/\/grabanow.tau.pl\/wp\/wp-content\/uploads\/2020\/10\/DSC_0562-1-150x150.jpg\" class=\"attachment-thumbnail size-thumbnail\" alt=\"\" decoding=\"async\" loading=\"lazy\" \/><\/a>\n\t\t\t<\/dt><\/dl><br style=\"clear: both\" \/><dl class='gallery-item'>\n\t\t\t<dt class='gallery-icon landscape'>\n\t\t\t\t<a href='http:\/\/grabanow.tau.pl\/wp\/?attachment_id=7936'><img width=\"150\" height=\"150\" src=\"http:\/\/grabanow.tau.pl\/wp\/wp-content\/uploads\/2020\/10\/DSC_0557-150x150.jpg\" class=\"attachment-thumbnail size-thumbnail\" alt=\"\" decoding=\"async\" loading=\"lazy\" \/><\/a>\n\t\t\t<\/dt><\/dl><dl class='gallery-item'>\n\t\t\t<dt class='gallery-icon landscape'>\n\t\t\t\t<a href='http:\/\/grabanow.tau.pl\/wp\/?attachment_id=7926'><img width=\"150\" height=\"150\" src=\"http:\/\/grabanow.tau.pl\/wp\/wp-content\/uploads\/2020\/10\/DSC_0906-150x150.jpg\" class=\"attachment-thumbnail size-thumbnail\" alt=\"\" decoding=\"async\" loading=\"lazy\" \/><\/a>\n\t\t\t<\/dt><\/dl><dl class='gallery-item'>\n\t\t\t<dt class='gallery-icon landscape'>\n\t\t\t\t<a href='http:\/\/grabanow.tau.pl\/wp\/?attachment_id=7925'><img width=\"150\" height=\"150\" src=\"http:\/\/grabanow.tau.pl\/wp\/wp-content\/uploads\/2020\/10\/DSC_0905-150x150.jpg\" class=\"attachment-thumbnail size-thumbnail\" alt=\"\" decoding=\"async\" loading=\"lazy\" \/><\/a>\n\t\t\t<\/dt><\/dl><br style=\"clear: both\" \/><dl class='gallery-item'>\n\t\t\t<dt class='gallery-icon landscape'>\n\t\t\t\t<a href='http:\/\/grabanow.tau.pl\/wp\/?attachment_id=7924'><img width=\"150\" height=\"150\" src=\"http:\/\/grabanow.tau.pl\/wp\/wp-content\/uploads\/2020\/10\/DSC_0901-150x150.jpg\" class=\"attachment-thumbnail size-thumbnail\" alt=\"\" decoding=\"async\" loading=\"lazy\" \/><\/a>\n\t\t\t<\/dt><\/dl><dl class='gallery-item'>\n\t\t\t<dt class='gallery-icon landscape'>\n\t\t\t\t<a href='http:\/\/grabanow.tau.pl\/wp\/?attachment_id=7923'><img width=\"150\" height=\"150\" src=\"http:\/\/grabanow.tau.pl\/wp\/wp-content\/uploads\/2020\/10\/DSC_0896-150x150.jpg\" class=\"attachment-thumbnail size-thumbnail\" alt=\"\" decoding=\"async\" loading=\"lazy\" \/><\/a>\n\t\t\t<\/dt><\/dl><dl class='gallery-item'>\n\t\t\t<dt class='gallery-icon landscape'>\n\t\t\t\t<a href='http:\/\/grabanow.tau.pl\/wp\/?attachment_id=7921'><img width=\"150\" height=\"150\" src=\"http:\/\/grabanow.tau.pl\/wp\/wp-content\/uploads\/2020\/10\/DSC_0884-150x150.jpg\" class=\"attachment-thumbnail size-thumbnail\" alt=\"\" decoding=\"async\" loading=\"lazy\" \/><\/a>\n\t\t\t<\/dt><\/dl><br style=\"clear: both\" \/><dl class='gallery-item'>\n\t\t\t<dt class='gallery-icon landscape'>\n\t\t\t\t<a href='http:\/\/grabanow.tau.pl\/wp\/?attachment_id=7920'><img width=\"150\" height=\"150\" src=\"http:\/\/grabanow.tau.pl\/wp\/wp-content\/uploads\/2020\/10\/DSC_0874-150x150.jpg\" class=\"attachment-thumbnail size-thumbnail\" alt=\"\" decoding=\"async\" loading=\"lazy\" \/><\/a>\n\t\t\t<\/dt><\/dl><dl class='gallery-item'>\n\t\t\t<dt class='gallery-icon landscape'>\n\t\t\t\t<a href='http:\/\/grabanow.tau.pl\/wp\/?attachment_id=7918'><img width=\"150\" height=\"150\" src=\"http:\/\/grabanow.tau.pl\/wp\/wp-content\/uploads\/2020\/10\/DSC_0869-150x150.jpg\" class=\"attachment-thumbnail size-thumbnail\" alt=\"\" decoding=\"async\" loading=\"lazy\" \/><\/a>\n\t\t\t<\/dt><\/dl><dl class='gallery-item'>\n\t\t\t<dt class='gallery-icon portrait'>\n\t\t\t\t<a href='http:\/\/grabanow.tau.pl\/wp\/?attachment_id=7916'><img width=\"150\" height=\"150\" src=\"http:\/\/grabanow.tau.pl\/wp\/wp-content\/uploads\/2020\/10\/DSC_0860-150x150.jpg\" class=\"attachment-thumbnail size-thumbnail\" alt=\"\" decoding=\"async\" loading=\"lazy\" \/><\/a>\n\t\t\t<\/dt><\/dl><br style=\"clear: both\" \/><dl class='gallery-item'>\n\t\t\t<dt class='gallery-icon landscape'>\n\t\t\t\t<a href='http:\/\/grabanow.tau.pl\/wp\/?attachment_id=7913'><img width=\"150\" height=\"150\" src=\"http:\/\/grabanow.tau.pl\/wp\/wp-content\/uploads\/2020\/10\/DSC_0854-150x150.jpg\" class=\"attachment-thumbnail size-thumbnail\" alt=\"\" decoding=\"async\" loading=\"lazy\" \/><\/a>\n\t\t\t<\/dt><\/dl><dl class='gallery-item'>\n\t\t\t<dt class='gallery-icon portrait'>\n\t\t\t\t<a href='http:\/\/grabanow.tau.pl\/wp\/?attachment_id=7910'><img width=\"150\" height=\"150\" src=\"http:\/\/grabanow.tau.pl\/wp\/wp-content\/uploads\/2020\/10\/DSC_0795-150x150.jpg\" class=\"attachment-thumbnail size-thumbnail\" alt=\"\" decoding=\"async\" loading=\"lazy\" \/><\/a>\n\t\t\t<\/dt><\/dl><dl class='gallery-item'>\n\t\t\t<dt class='gallery-icon portrait'>\n\t\t\t\t<a href='http:\/\/grabanow.tau.pl\/wp\/?attachment_id=7909'><img width=\"150\" height=\"150\" src=\"http:\/\/grabanow.tau.pl\/wp\/wp-content\/uploads\/2020\/10\/DSC_0794-150x150.jpg\" class=\"attachment-thumbnail size-thumbnail\" alt=\"\" decoding=\"async\" loading=\"lazy\" \/><\/a>\n\t\t\t<\/dt><\/dl><br style=\"clear: both\" \/><dl class='gallery-item'>\n\t\t\t<dt class='gallery-icon landscape'>\n\t\t\t\t<a href='http:\/\/grabanow.tau.pl\/wp\/?attachment_id=7905'><img width=\"150\" height=\"150\" src=\"http:\/\/grabanow.tau.pl\/wp\/wp-content\/uploads\/2020\/10\/DSC_0720-150x150.jpg\" class=\"attachment-thumbnail size-thumbnail\" alt=\"\" decoding=\"async\" loading=\"lazy\" \/><\/a>\n\t\t\t<\/dt><\/dl><dl class='gallery-item'>\n\t\t\t<dt class='gallery-icon landscape'>\n\t\t\t\t<a href='http:\/\/grabanow.tau.pl\/wp\/?attachment_id=7903'><img width=\"150\" height=\"150\" src=\"http:\/\/grabanow.tau.pl\/wp\/wp-content\/uploads\/2020\/10\/DSC_0653-150x150.jpg\" class=\"attachment-thumbnail size-thumbnail\" alt=\"\" decoding=\"async\" loading=\"lazy\" \/><\/a>\n\t\t\t<\/dt><\/dl><dl class='gallery-item'>\n\t\t\t<dt class='gallery-icon landscape'>\n\t\t\t\t<a href='http:\/\/grabanow.tau.pl\/wp\/?attachment_id=7902'><img width=\"150\" height=\"150\" src=\"http:\/\/grabanow.tau.pl\/wp\/wp-content\/uploads\/2020\/10\/DSC_0627-150x150.jpg\" class=\"attachment-thumbnail size-thumbnail\" alt=\"\" decoding=\"async\" loading=\"lazy\" \/><\/a>\n\t\t\t<\/dt><\/dl><br style=\"clear: both\" \/><dl class='gallery-item'>\n\t\t\t<dt class='gallery-icon landscape'>\n\t\t\t\t<a href='http:\/\/grabanow.tau.pl\/wp\/?attachment_id=7899'><img width=\"150\" height=\"150\" src=\"http:\/\/grabanow.tau.pl\/wp\/wp-content\/uploads\/2020\/10\/DSC_0591-150x150.jpg\" class=\"attachment-thumbnail size-thumbnail\" alt=\"\" decoding=\"async\" loading=\"lazy\" \/><\/a>\n\t\t\t<\/dt><\/dl><dl class='gallery-item'>\n\t\t\t<dt class='gallery-icon landscape'>\n\t\t\t\t<a href='http:\/\/grabanow.tau.pl\/wp\/?attachment_id=7896'><img width=\"150\" height=\"150\" src=\"http:\/\/grabanow.tau.pl\/wp\/wp-content\/uploads\/2020\/10\/DSC_0547-150x150.jpg\" class=\"attachment-thumbnail size-thumbnail\" alt=\"\" decoding=\"async\" loading=\"lazy\" \/><\/a>\n\t\t\t<\/dt><\/dl><dl class='gallery-item'>\n\t\t\t<dt class='gallery-icon landscape'>\n\t\t\t\t<a href='http:\/\/grabanow.tau.pl\/wp\/?attachment_id=7895'><img width=\"150\" height=\"150\" src=\"http:\/\/grabanow.tau.pl\/wp\/wp-content\/uploads\/2020\/10\/DSC_0531-150x150.jpg\" class=\"attachment-thumbnail size-thumbnail\" alt=\"\" decoding=\"async\" loading=\"lazy\" \/><\/a>\n\t\t\t<\/dt><\/dl><br style=\"clear: both\" \/><dl class='gallery-item'>\n\t\t\t<dt class='gallery-icon landscape'>\n\t\t\t\t<a href='http:\/\/grabanow.tau.pl\/wp\/?attachment_id=7890'><img width=\"150\" height=\"150\" src=\"http:\/\/grabanow.tau.pl\/wp\/wp-content\/uploads\/2020\/10\/DSC_0480-150x150.jpg\" class=\"attachment-thumbnail size-thumbnail\" alt=\"\" decoding=\"async\" loading=\"lazy\" \/><\/a>\n\t\t\t<\/dt><\/dl><dl class='gallery-item'>\n\t\t\t<dt class='gallery-icon landscape'>\n\t\t\t\t<a href='http:\/\/grabanow.tau.pl\/wp\/?attachment_id=7891'><img width=\"150\" height=\"150\" src=\"http:\/\/grabanow.tau.pl\/wp\/wp-content\/uploads\/2020\/10\/DSC_0482-150x150.jpg\" class=\"attachment-thumbnail size-thumbnail\" alt=\"\" decoding=\"async\" loading=\"lazy\" \/><\/a>\n\t\t\t<\/dt><\/dl><dl class='gallery-item'>\n\t\t\t<dt class='gallery-icon landscape'>\n\t\t\t\t<a href='http:\/\/grabanow.tau.pl\/wp\/?attachment_id=7893'><img width=\"150\" height=\"150\" src=\"http:\/\/grabanow.tau.pl\/wp\/wp-content\/uploads\/2020\/10\/DSC_0490-150x150.jpg\" class=\"attachment-thumbnail size-thumbnail\" alt=\"\" decoding=\"async\" loading=\"lazy\" \/><\/a>\n\t\t\t<\/dt><\/dl><br style=\"clear: both\" \/><dl class='gallery-item'>\n\t\t\t<dt class='gallery-icon landscape'>\n\t\t\t\t<a href='http:\/\/grabanow.tau.pl\/wp\/?attachment_id=7894'><img width=\"150\" height=\"150\" src=\"http:\/\/grabanow.tau.pl\/wp\/wp-content\/uploads\/2020\/10\/DSC_0498-150x150.jpg\" class=\"attachment-thumbnail size-thumbnail\" alt=\"\" decoding=\"async\" loading=\"lazy\" \/><\/a>\n\t\t\t<\/dt><\/dl><dl class='gallery-item'>\n\t\t\t<dt class='gallery-icon landscape'>\n\t\t\t\t<a href='http:\/\/grabanow.tau.pl\/wp\/?attachment_id=7889'><img width=\"150\" height=\"150\" src=\"http:\/\/grabanow.tau.pl\/wp\/wp-content\/uploads\/2020\/10\/DSC_0466-150x150.jpg\" class=\"attachment-thumbnail size-thumbnail\" alt=\"\" decoding=\"async\" loading=\"lazy\" \/><\/a>\n\t\t\t<\/dt><\/dl><dl class='gallery-item'>\n\t\t\t<dt class='gallery-icon landscape'>\n\t\t\t\t<a href='http:\/\/grabanow.tau.pl\/wp\/?attachment_id=7886'><img width=\"150\" height=\"150\" src=\"http:\/\/grabanow.tau.pl\/wp\/wp-content\/uploads\/2020\/10\/DSC_0460-150x150.jpg\" class=\"attachment-thumbnail size-thumbnail\" alt=\"\" decoding=\"async\" loading=\"lazy\" \/><\/a>\n\t\t\t<\/dt><\/dl><br style=\"clear: both\" \/><dl class='gallery-item'>\n\t\t\t<dt class='gallery-icon landscape'>\n\t\t\t\t<a href='http:\/\/grabanow.tau.pl\/wp\/?attachment_id=7885'><img width=\"150\" height=\"150\" src=\"http:\/\/grabanow.tau.pl\/wp\/wp-content\/uploads\/2020\/10\/DSC_0456-150x150.jpg\" class=\"attachment-thumbnail size-thumbnail\" alt=\"\" decoding=\"async\" loading=\"lazy\" \/><\/a>\n\t\t\t<\/dt><\/dl><dl class='gallery-item'>\n\t\t\t<dt class='gallery-icon landscape'>\n\t\t\t\t<a href='http:\/\/grabanow.tau.pl\/wp\/?attachment_id=7883'><img width=\"150\" height=\"150\" src=\"http:\/\/grabanow.tau.pl\/wp\/wp-content\/uploads\/2020\/10\/DSC_0442-150x150.jpg\" class=\"attachment-thumbnail size-thumbnail\" alt=\"\" decoding=\"async\" loading=\"lazy\" \/><\/a>\n\t\t\t<\/dt><\/dl><dl class='gallery-item'>\n\t\t\t<dt class='gallery-icon landscape'>\n\t\t\t\t<a href='http:\/\/grabanow.tau.pl\/wp\/?attachment_id=7882'><img width=\"150\" height=\"150\" src=\"http:\/\/grabanow.tau.pl\/wp\/wp-content\/uploads\/2020\/10\/DSC_0441-150x150.jpg\" class=\"attachment-thumbnail size-thumbnail\" alt=\"\" decoding=\"async\" loading=\"lazy\" \/><\/a>\n\t\t\t<\/dt><\/dl><br style=\"clear: both\" \/><dl class='gallery-item'>\n\t\t\t<dt class='gallery-icon landscape'>\n\t\t\t\t<a href='http:\/\/grabanow.tau.pl\/wp\/?attachment_id=7880'><img width=\"150\" height=\"150\" src=\"http:\/\/grabanow.tau.pl\/wp\/wp-content\/uploads\/2020\/10\/DSC_0432-150x150.jpg\" class=\"attachment-thumbnail size-thumbnail\" alt=\"\" decoding=\"async\" loading=\"lazy\" \/><\/a>\n\t\t\t<\/dt><\/dl><dl class='gallery-item'>\n\t\t\t<dt class='gallery-icon landscape'>\n\t\t\t\t<a href='http:\/\/grabanow.tau.pl\/wp\/?attachment_id=7879'><img width=\"150\" height=\"150\" src=\"http:\/\/grabanow.tau.pl\/wp\/wp-content\/uploads\/2020\/10\/DSC_0426-150x150.jpg\" class=\"attachment-thumbnail size-thumbnail\" alt=\"\" decoding=\"async\" loading=\"lazy\" \/><\/a>\n\t\t\t<\/dt><\/dl>\n\t\t\t<br style='clear: both' \/>\n\t\t<\/div>\n\n","protected":false},"excerpt":{"rendered":"<p>\u00a0\u00a0\u00a0\u00a0\u00a0 Dnia 7 pa\u017adziernika 2020 roku w Szkole Podstawowej w Grabanowie obchodzono Dzie\u0144 Patrona \u2013 30 Poleskiej Dywizji Piechoty AK. By\u0142o to \u015bwi\u0119to szczeg\u00f3lne, gdy\u017c w tym roku przypada 100. rocznica istnienia szko\u0142y, 30. rocznica reaktywacji szko\u0142y i 25. rocznica nadania imienia i sztandaru szkole. \u015awi\u0119towano pod has\u0142em: M\u0142ody cz\u0142owiek, \u017ceby wiedzie\u0107, dok\u0105d idzie, musi &hellip; <\/p>\n<p><a class=\"more-link btn\" href=\"http:\/\/grabanow.tau.pl\/wp\/?p=7934\">Kontynuuj czytanie<\/a><\/p>\n","protected":false},"author":1,"featured_media":0,"comment_status":"closed","ping_status":"closed","sticky":false,"template":"","format":"standard","meta":[],"categories":[1],"tags":[],"_links":{"self":[{"href":"http:\/\/grabanow.tau.pl\/wp\/index.php?rest_route=\/wp\/v2\/posts\/7934"}],"collection":[{"href":"http:\/\/grabanow.tau.pl\/wp\/index.php?rest_route=\/wp\/v2\/posts"}],"about":[{"href":"http:\/\/grabanow.tau.pl\/wp\/index.php?rest_route=\/wp\/v2\/types\/post"}],"author":[{"embeddable":true,"href":"http:\/\/grabanow.tau.pl\/wp\/index.php?rest_route=\/wp\/v2\/users\/1"}],"replies":[{"embeddable":true,"href":"http:\/\/grabanow.tau.pl\/wp\/index.php?rest_route=%2Fwp%2Fv2%2Fcomments&post=7934"}],"version-history":[{"count":20,"href":"http:\/\/grabanow.tau.pl\/wp\/index.php?rest_route=\/wp\/v2\/posts\/7934\/revisions"}],"predecessor-version":[{"id":7978,"href":"http:\/\/grabanow.tau.pl\/wp\/index.php?rest_route=\/wp\/v2\/posts\/7934\/revisions\/7978"}],"wp:attachment":[{"href":"http:\/\/grabanow.tau.pl\/wp\/index.php?rest_route=%2Fwp%2Fv2%2Fmedia&parent=7934"}],"wp:term":[{"taxonomy":"category","embeddable":true,"href":"http:\/\/grabanow.tau.pl\/wp\/index.php?rest_route=%2Fwp%2Fv2%2Fcategories&post=7934"},{"taxonomy":"post_tag","embeddable":true,"href":"http:\/\/grabanow.tau.pl\/wp\/index.php?rest_route=%2Fwp%2Fv2%2Ftags&post=7934"}],"curies":[{"name":"wp","href":"https:\/\/api.w.org\/{rel}","templated":true}]}}