{"id":8010,"date":"2020-10-28T22:31:47","date_gmt":"2020-10-28T22:31:47","guid":{"rendered":"http:\/\/grabanow.tau.pl\/wp\/?p=8010"},"modified":"2020-10-28T22:56:41","modified_gmt":"2020-10-28T22:56:41","slug":"ocalic-od-zapomnienia","status":"publish","type":"post","link":"http:\/\/grabanow.tau.pl\/wp\/?p=8010","title":{"rendered":"Odwiedzamy groby naszych Patron\u00f3w"},"content":{"rendered":"\n<p style=\"margin: 7.5pt;\"><strong><span style=\"font-family: 'Tahoma','sans-serif'; color: #993300;\">Ocali\u0107 od zapomnienia \u2013 odwiedzamy groby naszych Patron\u00f3w<\/span><\/strong><\/p>\n<p style=\"margin: 7.5pt; text-align: justify;\"><span style=\"font-size: 10.0pt; font-family: 'Tahoma','sans-serif'; color: #111111;\">Tu\u017c przed \u015awi\u0119tem Wszystkich \u015awi\u0119tych nauczyciele odwiedzili groby Patron\u00f3w naszej szko\u0142y i \u017co\u0142nierzy poleg\u0142ych\u00a0w czasie I i II wojny \u015bwiatowej.\u00a0 Na grobach <strong>Kazimierza i Romualda Zeryngera, J\u00f3zefa Danilewskiego, Ireny Malinowskiej i Marii \u017burek<\/strong> zosta\u0142y z\u0142o\u017cone kwiaty i zapalone znicze.<\/span><\/p>\n\n\t\t<style type=\"text\/css\">\n\t\t\t#gallery-1 {\n\t\t\t\tmargin: auto;\n\t\t\t}\n\t\t\t#gallery-1 .gallery-item {\n\t\t\t\tfloat: left;\n\t\t\t\tmargin-top: 10px;\n\t\t\t\ttext-align: center;\n\t\t\t\twidth: 33%;\n\t\t\t}\n\t\t\t#gallery-1 img {\n\t\t\t\tborder: 2px solid #cfcfcf;\n\t\t\t}\n\t\t\t#gallery-1 .gallery-caption {\n\t\t\t\tmargin-left: 0;\n\t\t\t}\n\t\t\t\/* see gallery_shortcode() in wp-includes\/media.php *\/\n\t\t<\/style>\n\t\t<div id='gallery-1' class='gallery galleryid-8010 gallery-columns-3 gallery-size-thumbnail'><dl class='gallery-item'>\n\t\t\t<dt class='gallery-icon portrait'>\n\t\t\t\t<a href='http:\/\/grabanow.tau.pl\/wp\/?attachment_id=8015'><img width=\"150\" height=\"150\" src=\"http:\/\/grabanow.tau.pl\/wp\/wp-content\/uploads\/2020\/10\/122906972_642873259711569_2153640010772397945_n-150x150.jpg\" class=\"attachment-thumbnail size-thumbnail\" alt=\"\" decoding=\"async\" loading=\"lazy\" \/><\/a>\n\t\t\t<\/dt><\/dl><dl class='gallery-item'>\n\t\t\t<dt class='gallery-icon landscape'>\n\t\t\t\t<a href='http:\/\/grabanow.tau.pl\/wp\/?attachment_id=8014'><img width=\"150\" height=\"150\" src=\"http:\/\/grabanow.tau.pl\/wp\/wp-content\/uploads\/2020\/10\/122767857_1120850201675835_1449106955183882661_n-150x150.jpg\" class=\"attachment-thumbnail size-thumbnail\" alt=\"\" decoding=\"async\" loading=\"lazy\" \/><\/a>\n\t\t\t<\/dt><\/dl><dl class='gallery-item'>\n\t\t\t<dt class='gallery-icon portrait'>\n\t\t\t\t<a href='http:\/\/grabanow.tau.pl\/wp\/?attachment_id=8012'><img width=\"150\" height=\"150\" src=\"http:\/\/grabanow.tau.pl\/wp\/wp-content\/uploads\/2020\/10\/123139770_2702710506712620_3550830935379464414_n-150x150.jpg\" class=\"attachment-thumbnail size-thumbnail\" alt=\"\" decoding=\"async\" loading=\"lazy\" \/><\/a>\n\t\t\t<\/dt><\/dl><br style=\"clear: both\" \/>\n\t\t<\/div>\n\n<p>\u00a0<\/p>\n","protected":false},"excerpt":{"rendered":"<p>Ocali\u0107 od zapomnienia \u2013 odwiedzamy groby naszych Patron\u00f3w Tu\u017c przed \u015awi\u0119tem Wszystkich \u015awi\u0119tych nauczyciele odwiedzili groby Patron\u00f3w naszej szko\u0142y i \u017co\u0142nierzy poleg\u0142ych\u00a0w czasie I i II wojny \u015bwiatowej.\u00a0 Na grobach Kazimierza i Romualda Zeryngera, J\u00f3zefa Danilewskiego, Ireny Malinowskiej i Marii \u017burek zosta\u0142y z\u0142o\u017cone kwiaty i zapalone znicze. \u00a0<\/p>\n","protected":false},"author":1,"featured_media":0,"comment_status":"open","ping_status":"open","sticky":false,"template":"","format":"standard","meta":[],"categories":[1],"tags":[],"_links":{"self":[{"href":"http:\/\/grabanow.tau.pl\/wp\/index.php?rest_route=\/wp\/v2\/posts\/8010"}],"collection":[{"href":"http:\/\/grabanow.tau.pl\/wp\/index.php?rest_route=\/wp\/v2\/posts"}],"about":[{"href":"http:\/\/grabanow.tau.pl\/wp\/index.php?rest_route=\/wp\/v2\/types\/post"}],"author":[{"embeddable":true,"href":"http:\/\/grabanow.tau.pl\/wp\/index.php?rest_route=\/wp\/v2\/users\/1"}],"replies":[{"embeddable":true,"href":"http:\/\/grabanow.tau.pl\/wp\/index.php?rest_route=%2Fwp%2Fv2%2Fcomments&post=8010"}],"version-history":[{"count":4,"href":"http:\/\/grabanow.tau.pl\/wp\/index.php?rest_route=\/wp\/v2\/posts\/8010\/revisions"}],"predecessor-version":[{"id":8022,"href":"http:\/\/grabanow.tau.pl\/wp\/index.php?rest_route=\/wp\/v2\/posts\/8010\/revisions\/8022"}],"wp:attachment":[{"href":"http:\/\/grabanow.tau.pl\/wp\/index.php?rest_route=%2Fwp%2Fv2%2Fmedia&parent=8010"}],"wp:term":[{"taxonomy":"category","embeddable":true,"href":"http:\/\/grabanow.tau.pl\/wp\/index.php?rest_route=%2Fwp%2Fv2%2Fcategories&post=8010"},{"taxonomy":"post_tag","embeddable":true,"href":"http:\/\/grabanow.tau.pl\/wp\/index.php?rest_route=%2Fwp%2Fv2%2Ftags&post=8010"}],"curies":[{"name":"wp","href":"https:\/\/api.w.org\/{rel}","templated":true}]}}