{"id":8023,"date":"2020-11-04T12:01:38","date_gmt":"2020-11-04T12:01:38","guid":{"rendered":"http:\/\/grabanow.tau.pl\/wp\/?p=8023"},"modified":"2020-11-04T12:01:39","modified_gmt":"2020-11-04T12:01:39","slug":"projekt-pod-bialo-czerwona-oddaj-swoj-glos","status":"publish","type":"post","link":"http:\/\/grabanow.tau.pl\/wp\/?p=8023","title":{"rendered":"Projekt Pod Bia\u0142o-Czerwon\u0105 &#8211; oddaj sw\u00f3j g\u0142os"},"content":{"rendered":"\n<p><a href=\"http:\/\/grabanow.tau.pl\/wp\/wp-content\/uploads\/2020\/11\/Pod-Bialo-Czerwona.png\"><img decoding=\"async\" loading=\"lazy\" class=\"alignnone size-medium wp-image-8024\" src=\"http:\/\/grabanow.tau.pl\/wp\/wp-content\/uploads\/2020\/11\/Pod-Bialo-Czerwona-300x126.png\" alt=\"\" width=\"300\" height=\"126\" srcset=\"http:\/\/grabanow.tau.pl\/wp\/wp-content\/uploads\/2020\/11\/Pod-Bialo-Czerwona-300x126.png 300w, http:\/\/grabanow.tau.pl\/wp\/wp-content\/uploads\/2020\/11\/Pod-Bialo-Czerwona-768x323.png 768w, http:\/\/grabanow.tau.pl\/wp\/wp-content\/uploads\/2020\/11\/Pod-Bialo-Czerwona-555x234.png 555w, http:\/\/grabanow.tau.pl\/wp\/wp-content\/uploads\/2020\/11\/Pod-Bialo-Czerwona.png 953w\" sizes=\"(max-width: 300px) 100vw, 300px\" \/><\/a><\/p>\n<p>Gmina Bia\u0142a Podlaska przyst\u0105pi\u0142a do projektu\u00a0 \u201ePod bia\u0142o-czerwon\u0105\u201d. Zak\u0142ada on sfinansowanie przez Rz\u0105d Rzeczypospolitej Polskiej zakupu maszt\u00f3w i flag w ka\u017cdej z gmin w Polsce, kt\u00f3rej mieszka\u0144cy do\u0142\u0105cz\u0105 do projektu. Inicjatywa zakupu masztu i flagi zale\u017ce\u0107 b\u0119dzie od mieszka\u0144c\u00f3w.<\/p>\n<p><strong>G\u0142osy poparcia mo\u017cna oddawa\u0107 do dnia 11 listopada 2020r, godz. 23:59<\/strong><\/p>\n<p><strong><a title=\"Oddaj G\u0142os poparcia\" href=\"https:\/\/bialoczerwona.www.gov.pl\/\">https:\/\/bialoczerwona.www.gov.pl\/<\/a>\u00a0<\/strong><\/p>\n","protected":false},"excerpt":{"rendered":"<p>Gmina Bia\u0142a Podlaska przyst\u0105pi\u0142a do projektu\u00a0 \u201ePod bia\u0142o-czerwon\u0105\u201d. Zak\u0142ada on sfinansowanie przez Rz\u0105d Rzeczypospolitej Polskiej zakupu maszt\u00f3w i flag w ka\u017cdej z gmin w Polsce, kt\u00f3rej mieszka\u0144cy do\u0142\u0105cz\u0105 do projektu. Inicjatywa zakupu masztu i flagi zale\u017ce\u0107 b\u0119dzie od mieszka\u0144c\u00f3w. G\u0142osy poparcia mo\u017cna oddawa\u0107 do dnia 11 listopada 2020r, godz. 23:59 https:\/\/bialoczerwona.www.gov.pl\/\u00a0<\/p>\n","protected":false},"author":1,"featured_media":0,"comment_status":"open","ping_status":"open","sticky":false,"template":"","format":"standard","meta":[],"categories":[1],"tags":[],"_links":{"self":[{"href":"http:\/\/grabanow.tau.pl\/wp\/index.php?rest_route=\/wp\/v2\/posts\/8023"}],"collection":[{"href":"http:\/\/grabanow.tau.pl\/wp\/index.php?rest_route=\/wp\/v2\/posts"}],"about":[{"href":"http:\/\/grabanow.tau.pl\/wp\/index.php?rest_route=\/wp\/v2\/types\/post"}],"author":[{"embeddable":true,"href":"http:\/\/grabanow.tau.pl\/wp\/index.php?rest_route=\/wp\/v2\/users\/1"}],"replies":[{"embeddable":true,"href":"http:\/\/grabanow.tau.pl\/wp\/index.php?rest_route=%2Fwp%2Fv2%2Fcomments&post=8023"}],"version-history":[{"count":1,"href":"http:\/\/grabanow.tau.pl\/wp\/index.php?rest_route=\/wp\/v2\/posts\/8023\/revisions"}],"predecessor-version":[{"id":8025,"href":"http:\/\/grabanow.tau.pl\/wp\/index.php?rest_route=\/wp\/v2\/posts\/8023\/revisions\/8025"}],"wp:attachment":[{"href":"http:\/\/grabanow.tau.pl\/wp\/index.php?rest_route=%2Fwp%2Fv2%2Fmedia&parent=8023"}],"wp:term":[{"taxonomy":"category","embeddable":true,"href":"http:\/\/grabanow.tau.pl\/wp\/index.php?rest_route=%2Fwp%2Fv2%2Fcategories&post=8023"},{"taxonomy":"post_tag","embeddable":true,"href":"http:\/\/grabanow.tau.pl\/wp\/index.php?rest_route=%2Fwp%2Fv2%2Ftags&post=8023"}],"curies":[{"name":"wp","href":"https:\/\/api.w.org\/{rel}","templated":true}]}}