{"id":9546,"date":"2022-01-30T20:23:28","date_gmt":"2022-01-30T20:23:28","guid":{"rendered":"http:\/\/grabanow.tau.pl\/wp\/?p=9546"},"modified":"2022-01-30T20:28:12","modified_gmt":"2022-01-30T20:28:12","slug":"karnawal-w-przedszkolu","status":"publish","type":"post","link":"http:\/\/grabanow.tau.pl\/wp\/?p=9546","title":{"rendered":"KARNAWA\u0141 W PRZEDSZKOLU"},"content":{"rendered":"\n<p style=\"text-align: center;\"><a href=\"http:\/\/grabanow.tau.pl\/wp\/wp-content\/uploads\/2022\/01\/272396438-361067165461834-4593.jpg\"><img decoding=\"async\" loading=\"lazy\" class=\"alignnone size-medium wp-image-9550\" src=\"http:\/\/grabanow.tau.pl\/wp\/wp-content\/uploads\/2022\/01\/272396438-361067165461834-4593-300x225.jpg\" alt=\"\" width=\"300\" height=\"225\" srcset=\"http:\/\/grabanow.tau.pl\/wp\/wp-content\/uploads\/2022\/01\/272396438-361067165461834-4593-300x225.jpg 300w, http:\/\/grabanow.tau.pl\/wp\/wp-content\/uploads\/2022\/01\/272396438-361067165461834-4593.jpg 378w\" sizes=\"(max-width: 300px) 100vw, 300px\" \/><\/a><\/p>\n<p><span class=\"tojvnm2t a6sixzi8 abs2jz4q a8s20v7p t1p8iaqh k5wvi7nf q3lfd5jv pk4s997a bipmatt0 cebpdrjk qowsmv63 owwhemhu dp1hu0rb dhp61c6y iyyx5f41\">W dniu 27 stycznia w punkcie przedszkolnym oraz oddziale przedszkolnym odby\u0142 si\u0119 bal karnawa\u0142owy. Organizatorki balu &#8211; pani Anna Witnik i Wioleta Majewska zadba\u0142y o\u00a0 wspania\u0142\u0105 zabaw\u0119.\u00a0<\/span><span class=\"tojvnm2t a6sixzi8 abs2jz4q a8s20v7p t1p8iaqh k5wvi7nf q3lfd5jv pk4s997a bipmatt0 cebpdrjk qowsmv63 owwhemhu dp1hu0rb dhp61c6y iyyx5f41\"> Na dzieci czeka\u0142y liczne niespodzianki i fantastyczna zabawa.<\/span><\/p>\n<p><!--more--><\/p>\n\n\t\t<style type=\"text\/css\">\n\t\t\t#gallery-1 {\n\t\t\t\tmargin: auto;\n\t\t\t}\n\t\t\t#gallery-1 .gallery-item {\n\t\t\t\tfloat: left;\n\t\t\t\tmargin-top: 10px;\n\t\t\t\ttext-align: center;\n\t\t\t\twidth: 33%;\n\t\t\t}\n\t\t\t#gallery-1 img {\n\t\t\t\tborder: 2px solid #cfcfcf;\n\t\t\t}\n\t\t\t#gallery-1 .gallery-caption {\n\t\t\t\tmargin-left: 0;\n\t\t\t}\n\t\t\t\/* see gallery_shortcode() in wp-includes\/media.php *\/\n\t\t<\/style>\n\t\t<div id='gallery-1' class='gallery galleryid-9546 gallery-columns-3 gallery-size-thumbnail'><dl class='gallery-item'>\n\t\t\t<dt class='gallery-icon landscape'>\n\t\t\t\t<a href='http:\/\/grabanow.tau.pl\/wp\/?attachment_id=9550'><img width=\"150\" height=\"150\" src=\"http:\/\/grabanow.tau.pl\/wp\/wp-content\/uploads\/2022\/01\/272396438-361067165461834-4593-150x150.jpg\" class=\"attachment-thumbnail size-thumbnail\" alt=\"\" decoding=\"async\" loading=\"lazy\" \/><\/a>\n\t\t\t<\/dt><\/dl><dl class='gallery-item'>\n\t\t\t<dt class='gallery-icon landscape'>\n\t\t\t\t<a href='http:\/\/grabanow.tau.pl\/wp\/?attachment_id=9551'><img width=\"150\" height=\"150\" src=\"http:\/\/grabanow.tau.pl\/wp\/wp-content\/uploads\/2022\/01\/272130213-469107184685425-8718-150x150.jpg\" class=\"attachment-thumbnail size-thumbnail\" alt=\"\" decoding=\"async\" loading=\"lazy\" \/><\/a>\n\t\t\t<\/dt><\/dl><dl class='gallery-item'>\n\t\t\t<dt class='gallery-icon landscape'>\n\t\t\t\t<a href='http:\/\/grabanow.tau.pl\/wp\/?attachment_id=9553'><img width=\"150\" height=\"150\" src=\"http:\/\/grabanow.tau.pl\/wp\/wp-content\/uploads\/2022\/01\/272271391-652677329118877-5350-150x150.jpg\" class=\"attachment-thumbnail size-thumbnail\" alt=\"\" decoding=\"async\" loading=\"lazy\" \/><\/a>\n\t\t\t<\/dt><\/dl><br style=\"clear: both\" \/><dl class='gallery-item'>\n\t\t\t<dt class='gallery-icon landscape'>\n\t\t\t\t<a href='http:\/\/grabanow.tau.pl\/wp\/?attachment_id=9558'><img width=\"150\" height=\"150\" src=\"http:\/\/grabanow.tau.pl\/wp\/wp-content\/uploads\/2022\/01\/272800567-4462361557202941-171-150x150.jpg\" class=\"attachment-thumbnail size-thumbnail\" alt=\"\" decoding=\"async\" loading=\"lazy\" \/><\/a>\n\t\t\t<\/dt><\/dl><dl class='gallery-item'>\n\t\t\t<dt class='gallery-icon landscape'>\n\t\t\t\t<a href='http:\/\/grabanow.tau.pl\/wp\/?attachment_id=9557'><img width=\"150\" height=\"150\" src=\"http:\/\/grabanow.tau.pl\/wp\/wp-content\/uploads\/2022\/01\/272709198-455237359706375-1789-150x150.jpg\" class=\"attachment-thumbnail size-thumbnail\" alt=\"\" decoding=\"async\" loading=\"lazy\" \/><\/a>\n\t\t\t<\/dt><\/dl><dl class='gallery-item'>\n\t\t\t<dt class='gallery-icon landscape'>\n\t\t\t\t<a href='http:\/\/grabanow.tau.pl\/wp\/?attachment_id=9556'><img width=\"150\" height=\"150\" src=\"http:\/\/grabanow.tau.pl\/wp\/wp-content\/uploads\/2022\/01\/272644973-489781102517969-1359-150x150.jpg\" class=\"attachment-thumbnail size-thumbnail\" alt=\"\" decoding=\"async\" loading=\"lazy\" \/><\/a>\n\t\t\t<\/dt><\/dl><br style=\"clear: both\" \/><dl class='gallery-item'>\n\t\t\t<dt class='gallery-icon landscape'>\n\t\t\t\t<a href='http:\/\/grabanow.tau.pl\/wp\/?attachment_id=9554'><img width=\"150\" height=\"150\" src=\"http:\/\/grabanow.tau.pl\/wp\/wp-content\/uploads\/2022\/01\/272423171-927839557845125-1755-150x150.jpg\" class=\"attachment-thumbnail size-thumbnail\" alt=\"\" decoding=\"async\" loading=\"lazy\" \/><\/a>\n\t\t\t<\/dt><\/dl><dl class='gallery-item'>\n\t\t\t<dt class='gallery-icon landscape'>\n\t\t\t\t<a href='http:\/\/grabanow.tau.pl\/wp\/?attachment_id=9555'><img width=\"150\" height=\"150\" src=\"http:\/\/grabanow.tau.pl\/wp\/wp-content\/uploads\/2022\/01\/272458634-309354281161536-7813-150x150.jpg\" class=\"attachment-thumbnail size-thumbnail\" alt=\"\" decoding=\"async\" loading=\"lazy\" \/><\/a>\n\t\t\t<\/dt><\/dl><dl class='gallery-item'>\n\t\t\t<dt class='gallery-icon portrait'>\n\t\t\t\t<a href='http:\/\/grabanow.tau.pl\/wp\/?attachment_id=9552'><img width=\"150\" height=\"150\" src=\"http:\/\/grabanow.tau.pl\/wp\/wp-content\/uploads\/2022\/01\/272249135-1057544761478362-534-150x150.jpg\" class=\"attachment-thumbnail size-thumbnail\" alt=\"\" decoding=\"async\" loading=\"lazy\" \/><\/a>\n\t\t\t<\/dt><\/dl><br style=\"clear: both\" \/>\n\t\t<\/div>\n\n","protected":false},"excerpt":{"rendered":"<p>W dniu 27 stycznia w punkcie przedszkolnym oraz oddziale przedszkolnym odby\u0142 si\u0119 bal karnawa\u0142owy. Organizatorki balu &#8211; pani Anna Witnik i Wioleta Majewska zadba\u0142y o\u00a0 wspania\u0142\u0105 zabaw\u0119.\u00a0 Na dzieci czeka\u0142y liczne niespodzianki i fantastyczna zabawa.<\/p><p><a class=\"more-link btn\" href=\"http:\/\/grabanow.tau.pl\/wp\/?p=9546\">Kontynuuj czytanie<\/a><\/p>\n","protected":false},"author":1,"featured_media":0,"comment_status":"open","ping_status":"open","sticky":false,"template":"","format":"standard","meta":[],"categories":[1],"tags":[],"_links":{"self":[{"href":"http:\/\/grabanow.tau.pl\/wp\/index.php?rest_route=\/wp\/v2\/posts\/9546"}],"collection":[{"href":"http:\/\/grabanow.tau.pl\/wp\/index.php?rest_route=\/wp\/v2\/posts"}],"about":[{"href":"http:\/\/grabanow.tau.pl\/wp\/index.php?rest_route=\/wp\/v2\/types\/post"}],"author":[{"embeddable":true,"href":"http:\/\/grabanow.tau.pl\/wp\/index.php?rest_route=\/wp\/v2\/users\/1"}],"replies":[{"embeddable":true,"href":"http:\/\/grabanow.tau.pl\/wp\/index.php?rest_route=%2Fwp%2Fv2%2Fcomments&post=9546"}],"version-history":[{"count":3,"href":"http:\/\/grabanow.tau.pl\/wp\/index.php?rest_route=\/wp\/v2\/posts\/9546\/revisions"}],"predecessor-version":[{"id":9562,"href":"http:\/\/grabanow.tau.pl\/wp\/index.php?rest_route=\/wp\/v2\/posts\/9546\/revisions\/9562"}],"wp:attachment":[{"href":"http:\/\/grabanow.tau.pl\/wp\/index.php?rest_route=%2Fwp%2Fv2%2Fmedia&parent=9546"}],"wp:term":[{"taxonomy":"category","embeddable":true,"href":"http:\/\/grabanow.tau.pl\/wp\/index.php?rest_route=%2Fwp%2Fv2%2Fcategories&post=9546"},{"taxonomy":"post_tag","embeddable":true,"href":"http:\/\/grabanow.tau.pl\/wp\/index.php?rest_route=%2Fwp%2Fv2%2Ftags&post=9546"}],"curies":[{"name":"wp","href":"https:\/\/api.w.org\/{rel}","templated":true}]}}