{"id":9663,"date":"2022-03-01T20:55:12","date_gmt":"2022-03-01T20:55:12","guid":{"rendered":"http:\/\/grabanow.tau.pl\/wp\/?p=9663"},"modified":"2022-03-01T20:55:13","modified_gmt":"2022-03-01T20:55:13","slug":"narodowy-dzien-pamieci-zolnierzy-wykletych","status":"publish","type":"post","link":"http:\/\/grabanow.tau.pl\/wp\/?p=9663","title":{"rendered":"Narodowy Dzie\u0144 Pami\u0119ci \u201e\u017bo\u0142nierzy Wykl\u0119tych\u201d"},"content":{"rendered":"\n<p>1 marca\u00a0 ca\u0142a spo\u0142eczno\u015b\u0107 szkolna, kr\u00f3tkim apelem uczci\u0142a pami\u0119\u0107 \u017bo\u0142nierzy Wykl\u0119tych. \u00a0Pod tablic\u0105 pami\u0119ci z\u0142o\u017cyli\u015bmy kwiaty i zapalili\u015bmy znicze oddaj\u0105c ho\u0142d tym, kt\u00f3rzy walczyli o woln\u0105 i niepodleg\u0142\u0105 Polsk\u0119.<\/p>\n\n\t\t<style type=\"text\/css\">\n\t\t\t#gallery-1 {\n\t\t\t\tmargin: auto;\n\t\t\t}\n\t\t\t#gallery-1 .gallery-item {\n\t\t\t\tfloat: left;\n\t\t\t\tmargin-top: 10px;\n\t\t\t\ttext-align: center;\n\t\t\t\twidth: 33%;\n\t\t\t}\n\t\t\t#gallery-1 img {\n\t\t\t\tborder: 2px solid #cfcfcf;\n\t\t\t}\n\t\t\t#gallery-1 .gallery-caption {\n\t\t\t\tmargin-left: 0;\n\t\t\t}\n\t\t\t\/* see gallery_shortcode() in wp-includes\/media.php *\/\n\t\t<\/style>\n\t\t<div id='gallery-1' class='gallery galleryid-9663 gallery-columns-3 gallery-size-thumbnail'><dl class='gallery-item'>\n\t\t\t<dt class='gallery-icon portrait'>\n\t\t\t\t<a href='http:\/\/grabanow.tau.pl\/wp\/?attachment_id=9659'><img width=\"150\" height=\"150\" src=\"http:\/\/grabanow.tau.pl\/wp\/wp-content\/uploads\/2022\/03\/D262D582-6F8F-41B3-A833-F051F52650BB-150x150.jpeg\" class=\"attachment-thumbnail size-thumbnail\" alt=\"\" decoding=\"async\" loading=\"lazy\" \/><\/a>\n\t\t\t<\/dt><\/dl><dl class='gallery-item'>\n\t\t\t<dt class='gallery-icon landscape'>\n\t\t\t\t<a href='http:\/\/grabanow.tau.pl\/wp\/?attachment_id=9667'><img width=\"150\" height=\"150\" src=\"http:\/\/grabanow.tau.pl\/wp\/wp-content\/uploads\/2022\/03\/C761A6ED-7108-43B0-BFD4-53E2A10E5F63-150x150.jpeg\" class=\"attachment-thumbnail size-thumbnail\" alt=\"\" decoding=\"async\" loading=\"lazy\" \/><\/a>\n\t\t\t<\/dt><\/dl><dl class='gallery-item'>\n\t\t\t<dt class='gallery-icon portrait'>\n\t\t\t\t<a href='http:\/\/grabanow.tau.pl\/wp\/?attachment_id=9666'><img width=\"150\" height=\"150\" src=\"http:\/\/grabanow.tau.pl\/wp\/wp-content\/uploads\/2022\/03\/210893E1-0BFB-425F-8FA7-391CAAAD3628-150x150.jpeg\" class=\"attachment-thumbnail size-thumbnail\" alt=\"\" decoding=\"async\" loading=\"lazy\" \/><\/a>\n\t\t\t<\/dt><\/dl><br style=\"clear: both\" \/><dl class='gallery-item'>\n\t\t\t<dt class='gallery-icon portrait'>\n\t\t\t\t<a href='http:\/\/grabanow.tau.pl\/wp\/?attachment_id=9668'><img width=\"150\" height=\"150\" src=\"http:\/\/grabanow.tau.pl\/wp\/wp-content\/uploads\/2022\/03\/984437DF-3601-478B-9607-A6E30F1CF858-150x150.jpeg\" class=\"attachment-thumbnail size-thumbnail\" alt=\"\" decoding=\"async\" loading=\"lazy\" \/><\/a>\n\t\t\t<\/dt><\/dl><dl class='gallery-item'>\n\t\t\t<dt class='gallery-icon landscape'>\n\t\t\t\t<a href='http:\/\/grabanow.tau.pl\/wp\/?attachment_id=9665'><img width=\"150\" height=\"150\" src=\"http:\/\/grabanow.tau.pl\/wp\/wp-content\/uploads\/2022\/03\/23949486-E6CC-4DA5-A740-F2F008EA7874-150x150.jpeg\" class=\"attachment-thumbnail size-thumbnail\" alt=\"\" decoding=\"async\" loading=\"lazy\" \/><\/a>\n\t\t\t<\/dt><\/dl>\n\t\t\t<br style='clear: both' \/>\n\t\t<\/div>\n\n","protected":false},"excerpt":{"rendered":"<p>1 marca\u00a0 ca\u0142a spo\u0142eczno\u015b\u0107 szkolna, kr\u00f3tkim apelem uczci\u0142a pami\u0119\u0107 \u017bo\u0142nierzy Wykl\u0119tych. \u00a0Pod tablic\u0105 pami\u0119ci z\u0142o\u017cyli\u015bmy kwiaty i zapalili\u015bmy znicze oddaj\u0105c ho\u0142d tym, kt\u00f3rzy walczyli o woln\u0105 i niepodleg\u0142\u0105 Polsk\u0119.<\/p>\n","protected":false},"author":1,"featured_media":0,"comment_status":"open","ping_status":"open","sticky":false,"template":"","format":"standard","meta":[],"categories":[1],"tags":[],"_links":{"self":[{"href":"http:\/\/grabanow.tau.pl\/wp\/index.php?rest_route=\/wp\/v2\/posts\/9663"}],"collection":[{"href":"http:\/\/grabanow.tau.pl\/wp\/index.php?rest_route=\/wp\/v2\/posts"}],"about":[{"href":"http:\/\/grabanow.tau.pl\/wp\/index.php?rest_route=\/wp\/v2\/types\/post"}],"author":[{"embeddable":true,"href":"http:\/\/grabanow.tau.pl\/wp\/index.php?rest_route=\/wp\/v2\/users\/1"}],"replies":[{"embeddable":true,"href":"http:\/\/grabanow.tau.pl\/wp\/index.php?rest_route=%2Fwp%2Fv2%2Fcomments&post=9663"}],"version-history":[{"count":2,"href":"http:\/\/grabanow.tau.pl\/wp\/index.php?rest_route=\/wp\/v2\/posts\/9663\/revisions"}],"predecessor-version":[{"id":9669,"href":"http:\/\/grabanow.tau.pl\/wp\/index.php?rest_route=\/wp\/v2\/posts\/9663\/revisions\/9669"}],"wp:attachment":[{"href":"http:\/\/grabanow.tau.pl\/wp\/index.php?rest_route=%2Fwp%2Fv2%2Fmedia&parent=9663"}],"wp:term":[{"taxonomy":"category","embeddable":true,"href":"http:\/\/grabanow.tau.pl\/wp\/index.php?rest_route=%2Fwp%2Fv2%2Fcategories&post=9663"},{"taxonomy":"post_tag","embeddable":true,"href":"http:\/\/grabanow.tau.pl\/wp\/index.php?rest_route=%2Fwp%2Fv2%2Ftags&post=9663"}],"curies":[{"name":"wp","href":"https:\/\/api.w.org\/{rel}","templated":true}]}}