{"id":9736,"date":"2022-03-21T21:56:58","date_gmt":"2022-03-21T21:56:58","guid":{"rendered":"http:\/\/grabanow.tau.pl\/wp\/?p=9736"},"modified":"2022-03-21T21:58:50","modified_gmt":"2022-03-21T21:58:50","slug":"pierwszy-dzien-wiosny-2","status":"publish","type":"post","link":"http:\/\/grabanow.tau.pl\/wp\/?p=9736","title":{"rendered":"Pierwszy dzie\u0144 wiosny"},"content":{"rendered":"\n\n\t\t<style type=\"text\/css\">\n\t\t\t#gallery-1 {\n\t\t\t\tmargin: auto;\n\t\t\t}\n\t\t\t#gallery-1 .gallery-item {\n\t\t\t\tfloat: left;\n\t\t\t\tmargin-top: 10px;\n\t\t\t\ttext-align: center;\n\t\t\t\twidth: 33%;\n\t\t\t}\n\t\t\t#gallery-1 img {\n\t\t\t\tborder: 2px solid #cfcfcf;\n\t\t\t}\n\t\t\t#gallery-1 .gallery-caption {\n\t\t\t\tmargin-left: 0;\n\t\t\t}\n\t\t\t\/* see gallery_shortcode() in wp-includes\/media.php *\/\n\t\t<\/style>\n\t\t<div id='gallery-1' class='gallery galleryid-9736 gallery-columns-3 gallery-size-medium'><dl class='gallery-item'>\n\t\t\t<dt class='gallery-icon landscape'>\n\t\t\t\t<a href='http:\/\/grabanow.tau.pl\/wp\/?attachment_id=9733'><img width=\"300\" height=\"224\" src=\"http:\/\/grabanow.tau.pl\/wp\/wp-content\/uploads\/2022\/03\/275632974_324435276334396_8647929834306996793_n-300x224.jpg\" class=\"attachment-medium size-medium\" alt=\"\" decoding=\"async\" loading=\"lazy\" srcset=\"http:\/\/grabanow.tau.pl\/wp\/wp-content\/uploads\/2022\/03\/275632974_324435276334396_8647929834306996793_n-300x224.jpg 300w, http:\/\/grabanow.tau.pl\/wp\/wp-content\/uploads\/2022\/03\/275632974_324435276334396_8647929834306996793_n-555x415.jpg 555w, http:\/\/grabanow.tau.pl\/wp\/wp-content\/uploads\/2022\/03\/275632974_324435276334396_8647929834306996793_n.jpg 640w\" sizes=\"(max-width: 300px) 100vw, 300px\" \/><\/a>\n\t\t\t<\/dt><\/dl><dl class='gallery-item'>\n\t\t\t<dt class='gallery-icon landscape'>\n\t\t\t\t<a href='http:\/\/grabanow.tau.pl\/wp\/?attachment_id=9734'><img width=\"300\" height=\"225\" src=\"http:\/\/grabanow.tau.pl\/wp\/wp-content\/uploads\/2022\/03\/275767840_3142281279363831_1494656756389220993_n-300x225.jpg\" class=\"attachment-medium size-medium\" alt=\"\" decoding=\"async\" loading=\"lazy\" srcset=\"http:\/\/grabanow.tau.pl\/wp\/wp-content\/uploads\/2022\/03\/275767840_3142281279363831_1494656756389220993_n-300x225.jpg 300w, http:\/\/grabanow.tau.pl\/wp\/wp-content\/uploads\/2022\/03\/275767840_3142281279363831_1494656756389220993_n-555x416.jpg 555w, http:\/\/grabanow.tau.pl\/wp\/wp-content\/uploads\/2022\/03\/275767840_3142281279363831_1494656756389220993_n.jpg 640w\" sizes=\"(max-width: 300px) 100vw, 300px\" \/><\/a>\n\t\t\t<\/dt><\/dl><dl class='gallery-item'>\n\t\t\t<dt class='gallery-icon landscape'>\n\t\t\t\t<a href='http:\/\/grabanow.tau.pl\/wp\/?attachment_id=9732'><img width=\"300\" height=\"224\" src=\"http:\/\/grabanow.tau.pl\/wp\/wp-content\/uploads\/2022\/03\/275033553_514234957086973_3277366015907447480_n-300x224.jpg\" class=\"attachment-medium size-medium\" alt=\"\" decoding=\"async\" loading=\"lazy\" srcset=\"http:\/\/grabanow.tau.pl\/wp\/wp-content\/uploads\/2022\/03\/275033553_514234957086973_3277366015907447480_n-300x224.jpg 300w, http:\/\/grabanow.tau.pl\/wp\/wp-content\/uploads\/2022\/03\/275033553_514234957086973_3277366015907447480_n-555x415.jpg 555w, http:\/\/grabanow.tau.pl\/wp\/wp-content\/uploads\/2022\/03\/275033553_514234957086973_3277366015907447480_n.jpg 640w\" sizes=\"(max-width: 300px) 100vw, 300px\" \/><\/a>\n\t\t\t<\/dt><\/dl><br style=\"clear: both\" \/>\n\t\t<\/div>\n\n\n\n\n<p>Pierwszy dzie\u0144 wiosny zwany r\u00f3wnie\u017c Dniem Wagarowicza mo\u017cna \u015bwi\u0119towa\u0107 w r\u00f3\u017cny spos\u00f3b. S\u0105 szko\u0142y, gdzie topi si\u0119 Marzann\u0119, ale s\u0105 i takie, kt\u00f3rych uczniowie poszli na wagary. Nasi uczniowie, podobnie jak w latach ubieg\u0142ych,\u00a0 wcale nie mieli ochoty tego dnia na wagary. Tego dnia\u00a0 dnia uczniowie przygotowali \u201e Szkolny Mam talent\u201d <br \/>W szkolnym programie uczniowie zaprezentowali swoje talenty w r\u00f3\u017cnych dziedzinach \u2013 \u015bpiew, taniec, gra na gitarze, kolekcja kamieni, w\u0119dkarstwo oraz\u00a0 malarstwo. Wyst\u0119py uczni\u00f3w w programie \u201eMam talent\u201d z okazji pierwszego dnia wiosny, wzbudzi\u0142y wiele emocji .<\/p>\n<p style=\"text-align: center;\"><span style=\"color: #0000ff;\">Wszystkim uczestnikom gratulujemy odwagi i dzi\u0119kujemy za w\u0142\u0105czenie si\u0119 w zabaw\u0119. Warto by\u0142o sp\u0119dzi\u0107 ten dzie\u0144 w szkole, a nie na wagarach.<\/span><\/p>\n<p>\u00a0<\/p>\n","protected":false},"excerpt":{"rendered":"<p>Pierwszy dzie\u0144 wiosny zwany r\u00f3wnie\u017c Dniem Wagarowicza mo\u017cna \u015bwi\u0119towa\u0107 w r\u00f3\u017cny spos\u00f3b. S\u0105 szko\u0142y, gdzie topi si\u0119 Marzann\u0119, ale s\u0105 i takie, kt\u00f3rych uczniowie poszli na wagary. Nasi uczniowie, podobnie jak w latach ubieg\u0142ych,\u00a0 wcale nie mieli ochoty tego dnia na wagary. Tego dnia\u00a0 dnia uczniowie przygotowali \u201e Szkolny Mam talent\u201d W szkolnym programie uczniowie &hellip; <\/p>\n<p><a class=\"more-link btn\" href=\"http:\/\/grabanow.tau.pl\/wp\/?p=9736\">Kontynuuj czytanie<\/a><\/p>\n","protected":false},"author":1,"featured_media":0,"comment_status":"open","ping_status":"open","sticky":false,"template":"","format":"standard","meta":[],"categories":[1],"tags":[],"_links":{"self":[{"href":"http:\/\/grabanow.tau.pl\/wp\/index.php?rest_route=\/wp\/v2\/posts\/9736"}],"collection":[{"href":"http:\/\/grabanow.tau.pl\/wp\/index.php?rest_route=\/wp\/v2\/posts"}],"about":[{"href":"http:\/\/grabanow.tau.pl\/wp\/index.php?rest_route=\/wp\/v2\/types\/post"}],"author":[{"embeddable":true,"href":"http:\/\/grabanow.tau.pl\/wp\/index.php?rest_route=\/wp\/v2\/users\/1"}],"replies":[{"embeddable":true,"href":"http:\/\/grabanow.tau.pl\/wp\/index.php?rest_route=%2Fwp%2Fv2%2Fcomments&post=9736"}],"version-history":[{"count":2,"href":"http:\/\/grabanow.tau.pl\/wp\/index.php?rest_route=\/wp\/v2\/posts\/9736\/revisions"}],"predecessor-version":[{"id":9739,"href":"http:\/\/grabanow.tau.pl\/wp\/index.php?rest_route=\/wp\/v2\/posts\/9736\/revisions\/9739"}],"wp:attachment":[{"href":"http:\/\/grabanow.tau.pl\/wp\/index.php?rest_route=%2Fwp%2Fv2%2Fmedia&parent=9736"}],"wp:term":[{"taxonomy":"category","embeddable":true,"href":"http:\/\/grabanow.tau.pl\/wp\/index.php?rest_route=%2Fwp%2Fv2%2Fcategories&post=9736"},{"taxonomy":"post_tag","embeddable":true,"href":"http:\/\/grabanow.tau.pl\/wp\/index.php?rest_route=%2Fwp%2Fv2%2Ftags&post=9736"}],"curies":[{"name":"wp","href":"https:\/\/api.w.org\/{rel}","templated":true}]}}