{"id":9791,"date":"2022-04-18T07:19:05","date_gmt":"2022-04-18T07:19:05","guid":{"rendered":"http:\/\/grabanow.tau.pl\/wp\/?p=9791"},"modified":"2022-04-18T08:01:58","modified_gmt":"2022-04-18T08:01:58","slug":"zerowka-pomaga-ukrainie","status":"publish","type":"post","link":"http:\/\/grabanow.tau.pl\/wp\/?p=9791","title":{"rendered":"Zer\u00f3wka pomaga Ukrainie"},"content":{"rendered":"\n<p><a href=\"http:\/\/grabanow.tau.pl\/wp\/wp-content\/uploads\/2022\/04\/ws-6.jpg\"><img decoding=\"async\" loading=\"lazy\" class=\"alignnone size-full wp-image-9792\" src=\"http:\/\/grabanow.tau.pl\/wp\/wp-content\/uploads\/2022\/04\/ws-6.jpg\" alt=\"\" width=\"2000\" height=\"1336\" srcset=\"http:\/\/grabanow.tau.pl\/wp\/wp-content\/uploads\/2022\/04\/ws-6.jpg 2000w, http:\/\/grabanow.tau.pl\/wp\/wp-content\/uploads\/2022\/04\/ws-6-300x200.jpg 300w, http:\/\/grabanow.tau.pl\/wp\/wp-content\/uploads\/2022\/04\/ws-6-1024x684.jpg 1024w, http:\/\/grabanow.tau.pl\/wp\/wp-content\/uploads\/2022\/04\/ws-6-768x513.jpg 768w, http:\/\/grabanow.tau.pl\/wp\/wp-content\/uploads\/2022\/04\/ws-6-1536x1026.jpg 1536w, http:\/\/grabanow.tau.pl\/wp\/wp-content\/uploads\/2022\/04\/ws-6-555x371.jpg 555w\" sizes=\"(max-width: 2000px) 100vw, 2000px\" \/><\/a><\/p>\n<p><strong><em>Grupa Promyki &#8211; kl. \u201e0\u201d z przedszkola w Grabanowie<\/em><\/strong> przez kilka dni zbiera\u0142a dary dla dzieci z Ukrainy. Wsp\u00f3lnie zebrali\u015bmy kilka work\u00f3w rzeczy, w\u015br\u00f3d kt\u00f3rych by\u0142y zabawki, pluszaki, gry planszowe, puzzle, s\u0142odycze, malowanki, kredki i mazaki, produkty \u017cywno\u015bciowe oraz plecaczki pe\u0142ne niespodzianek.<\/p>\n<p>Cze\u015b\u0107 grupy wraz z rodzicami oraz <strong><em>wychowawczyni\u0105 Ann\u0105 Witnik<\/em><\/strong> zawioz\u0142a te dary do \u201e<strong><em>Wsp\u00f3lnego \u015awiata\u201d w Bia\u0142ej Podlaskiej<\/em><\/strong> i przekaza\u0142a je osobi\u015bcie <strong><em>dzieciom z Ukrainy<\/em><\/strong>, kt\u00f3re \u00a0przebywaj\u0105 tam wraz ze swoimi mamami.<\/p>\n<p>Po przekazaniu \u00a0dar\u00f3w Pani dyrektor \u00a0przedszkola oprowadzi\u0142a nas po obiekcie i pokaza\u0142a jak wygl\u0105daj\u0105 ich sale przedszkolne. Wzbudzi\u0142y one du\u017ce zainteresowanie w\u015br\u00f3d dzieci, kt\u00f3re spotka\u0142y si\u0119 r\u00f3wnie\u017c z przedszkolakami tam si\u0119 ucz\u0105cymi oraz \u00a0ich nauczycielami.<\/p>\n<p><!--more--><\/p>\n\n\t\t<style type=\"text\/css\">\n\t\t\t#gallery-1 {\n\t\t\t\tmargin: auto;\n\t\t\t}\n\t\t\t#gallery-1 .gallery-item {\n\t\t\t\tfloat: left;\n\t\t\t\tmargin-top: 10px;\n\t\t\t\ttext-align: center;\n\t\t\t\twidth: 33%;\n\t\t\t}\n\t\t\t#gallery-1 img {\n\t\t\t\tborder: 2px solid #cfcfcf;\n\t\t\t}\n\t\t\t#gallery-1 .gallery-caption {\n\t\t\t\tmargin-left: 0;\n\t\t\t}\n\t\t\t\/* see gallery_shortcode() in wp-includes\/media.php *\/\n\t\t<\/style>\n\t\t<div id='gallery-1' class='gallery galleryid-9791 gallery-columns-3 gallery-size-thumbnail'><dl class='gallery-item'>\n\t\t\t<dt class='gallery-icon landscape'>\n\t\t\t\t<a href='http:\/\/grabanow.tau.pl\/wp\/?attachment_id=9811'><img width=\"150\" height=\"150\" src=\"http:\/\/grabanow.tau.pl\/wp\/wp-content\/uploads\/2022\/04\/ws-4-150x150.jpg\" class=\"attachment-thumbnail size-thumbnail\" alt=\"\" decoding=\"async\" loading=\"lazy\" \/><\/a>\n\t\t\t<\/dt><\/dl><dl class='gallery-item'>\n\t\t\t<dt class='gallery-icon landscape'>\n\t\t\t\t<a href='http:\/\/grabanow.tau.pl\/wp\/?attachment_id=9809'><img width=\"150\" height=\"150\" src=\"http:\/\/grabanow.tau.pl\/wp\/wp-content\/uploads\/2022\/04\/ws-9-150x150.jpg\" class=\"attachment-thumbnail size-thumbnail\" alt=\"\" decoding=\"async\" loading=\"lazy\" \/><\/a>\n\t\t\t<\/dt><\/dl><dl class='gallery-item'>\n\t\t\t<dt class='gallery-icon landscape'>\n\t\t\t\t<a href='http:\/\/grabanow.tau.pl\/wp\/?attachment_id=9810'><img width=\"150\" height=\"150\" src=\"http:\/\/grabanow.tau.pl\/wp\/wp-content\/uploads\/2022\/04\/ws-61-150x150.jpg\" class=\"attachment-thumbnail size-thumbnail\" alt=\"\" decoding=\"async\" loading=\"lazy\" \/><\/a>\n\t\t\t<\/dt><\/dl><br style=\"clear: both\" \/><dl class='gallery-item'>\n\t\t\t<dt class='gallery-icon landscape'>\n\t\t\t\t<a href='http:\/\/grabanow.tau.pl\/wp\/?attachment_id=9812'><img width=\"150\" height=\"150\" src=\"http:\/\/grabanow.tau.pl\/wp\/wp-content\/uploads\/2022\/04\/ws-59-150x150.jpg\" class=\"attachment-thumbnail size-thumbnail\" alt=\"\" decoding=\"async\" loading=\"lazy\" \/><\/a>\n\t\t\t<\/dt><\/dl><dl class='gallery-item'>\n\t\t\t<dt class='gallery-icon landscape'>\n\t\t\t\t<a href='http:\/\/grabanow.tau.pl\/wp\/?attachment_id=9813'><img width=\"150\" height=\"150\" src=\"http:\/\/grabanow.tau.pl\/wp\/wp-content\/uploads\/2022\/04\/ws-48-150x150.jpg\" class=\"attachment-thumbnail size-thumbnail\" alt=\"\" decoding=\"async\" loading=\"lazy\" \/><\/a>\n\t\t\t<\/dt><\/dl><dl class='gallery-item'>\n\t\t\t<dt class='gallery-icon landscape'>\n\t\t\t\t<a href='http:\/\/grabanow.tau.pl\/wp\/?attachment_id=9814'><img width=\"150\" height=\"150\" src=\"http:\/\/grabanow.tau.pl\/wp\/wp-content\/uploads\/2022\/04\/ws-37-150x150.jpg\" class=\"attachment-thumbnail size-thumbnail\" alt=\"\" decoding=\"async\" loading=\"lazy\" \/><\/a>\n\t\t\t<\/dt><\/dl><br style=\"clear: both\" \/><dl class='gallery-item'>\n\t\t\t<dt class='gallery-icon landscape'>\n\t\t\t\t<a href='http:\/\/grabanow.tau.pl\/wp\/?attachment_id=9815'><img width=\"150\" height=\"150\" src=\"http:\/\/grabanow.tau.pl\/wp\/wp-content\/uploads\/2022\/04\/ws-42-150x150.jpg\" class=\"attachment-thumbnail size-thumbnail\" alt=\"\" decoding=\"async\" loading=\"lazy\" \/><\/a>\n\t\t\t<\/dt><\/dl><dl class='gallery-item'>\n\t\t\t<dt class='gallery-icon landscape'>\n\t\t\t\t<a href='http:\/\/grabanow.tau.pl\/wp\/?attachment_id=9816'><img width=\"150\" height=\"150\" src=\"http:\/\/grabanow.tau.pl\/wp\/wp-content\/uploads\/2022\/04\/ws-31-150x150.jpg\" class=\"attachment-thumbnail size-thumbnail\" alt=\"\" decoding=\"async\" loading=\"lazy\" \/><\/a>\n\t\t\t<\/dt><\/dl><dl class='gallery-item'>\n\t\t\t<dt class='gallery-icon landscape'>\n\t\t\t\t<a href='http:\/\/grabanow.tau.pl\/wp\/?attachment_id=9817'><img width=\"150\" height=\"150\" src=\"http:\/\/grabanow.tau.pl\/wp\/wp-content\/uploads\/2022\/04\/ws-25-150x150.jpg\" class=\"attachment-thumbnail size-thumbnail\" alt=\"\" decoding=\"async\" loading=\"lazy\" \/><\/a>\n\t\t\t<\/dt><\/dl><br style=\"clear: both\" \/><dl class='gallery-item'>\n\t\t\t<dt class='gallery-icon landscape'>\n\t\t\t\t<a href='http:\/\/grabanow.tau.pl\/wp\/?attachment_id=9818'><img width=\"150\" height=\"150\" src=\"http:\/\/grabanow.tau.pl\/wp\/wp-content\/uploads\/2022\/04\/ws-28-150x150.jpg\" class=\"attachment-thumbnail size-thumbnail\" alt=\"\" decoding=\"async\" loading=\"lazy\" \/><\/a>\n\t\t\t<\/dt><\/dl>\n\t\t\t<br style='clear: both' \/>\n\t\t<\/div>\n\n<p>\u00a0<\/p>\n","protected":false},"excerpt":{"rendered":"<p>Grupa Promyki &#8211; kl. \u201e0\u201d z przedszkola w Grabanowie przez kilka dni zbiera\u0142a dary dla dzieci z Ukrainy. Wsp\u00f3lnie zebrali\u015bmy kilka work\u00f3w rzeczy, w\u015br\u00f3d kt\u00f3rych by\u0142y zabawki, pluszaki, gry planszowe, puzzle, s\u0142odycze, malowanki, kredki i mazaki, produkty \u017cywno\u015bciowe oraz plecaczki pe\u0142ne niespodzianek. Cze\u015b\u0107 grupy wraz z rodzicami oraz wychowawczyni\u0105 Ann\u0105 Witnik zawioz\u0142a te dary do &hellip; <\/p>\n<p><a class=\"more-link btn\" href=\"http:\/\/grabanow.tau.pl\/wp\/?p=9791\">Kontynuuj czytanie<\/a><\/p>\n","protected":false},"author":1,"featured_media":0,"comment_status":"open","ping_status":"open","sticky":false,"template":"","format":"standard","meta":[],"categories":[1],"tags":[],"_links":{"self":[{"href":"http:\/\/grabanow.tau.pl\/wp\/index.php?rest_route=\/wp\/v2\/posts\/9791"}],"collection":[{"href":"http:\/\/grabanow.tau.pl\/wp\/index.php?rest_route=\/wp\/v2\/posts"}],"about":[{"href":"http:\/\/grabanow.tau.pl\/wp\/index.php?rest_route=\/wp\/v2\/types\/post"}],"author":[{"embeddable":true,"href":"http:\/\/grabanow.tau.pl\/wp\/index.php?rest_route=\/wp\/v2\/users\/1"}],"replies":[{"embeddable":true,"href":"http:\/\/grabanow.tau.pl\/wp\/index.php?rest_route=%2Fwp%2Fv2%2Fcomments&post=9791"}],"version-history":[{"count":2,"href":"http:\/\/grabanow.tau.pl\/wp\/index.php?rest_route=\/wp\/v2\/posts\/9791\/revisions"}],"predecessor-version":[{"id":9819,"href":"http:\/\/grabanow.tau.pl\/wp\/index.php?rest_route=\/wp\/v2\/posts\/9791\/revisions\/9819"}],"wp:attachment":[{"href":"http:\/\/grabanow.tau.pl\/wp\/index.php?rest_route=%2Fwp%2Fv2%2Fmedia&parent=9791"}],"wp:term":[{"taxonomy":"category","embeddable":true,"href":"http:\/\/grabanow.tau.pl\/wp\/index.php?rest_route=%2Fwp%2Fv2%2Fcategories&post=9791"},{"taxonomy":"post_tag","embeddable":true,"href":"http:\/\/grabanow.tau.pl\/wp\/index.php?rest_route=%2Fwp%2Fv2%2Ftags&post=9791"}],"curies":[{"name":"wp","href":"https:\/\/api.w.org\/{rel}","templated":true}]}}